{"id":14393,"date":"2025-11-22T23:58:27","date_gmt":"2025-11-22T23:58:27","guid":{"rendered":"https:\/\/informacionlocal.es\/la-casa-de-la-cultura-acoge-la-presentacion-del-libro-fractura-de-isla-en-isla-de-dany-perag\/"},"modified":"2025-11-22T23:58:27","modified_gmt":"2025-11-22T23:58:27","slug":"la-casa-de-la-cultura-acoge-la-presentacion-del-libro-fractura-de-isla-en-isla-de-dany-perag","status":"publish","type":"post","link":"https:\/\/informacionlocal.es\/it\/la-casa-de-la-cultura-acoge-la-presentacion-del-libro-fractura-de-isla-en-isla-de-dany-perag\/","title":{"rendered":"La Casa de la Cultura acoge la presentaci\u00f3n del libro \u00abFractura, de isla en isla\u00bb de Dany Perag"},"content":{"rendered":"<div class=\"entry-content\">\n<div class=\"xdj266r x14z9mp xat24cr x1lziwak x1vvkbs x126k92a\">\n<div dir=\"auto\">La Casa de la Cultura acog\u00eda en la tarde-noche del viernes, 21 de noviembre, la presentaci\u00f3n del libro \u00bb Fractura, de isla en isla\u00bb de Dany Perag.<\/div>\n<\/div>\n<div class=\"x14z9mp xat24cr x1lziwak x1vvkbs xtlvy1s x126k92a\">\n<div dir=\"auto\">Un libro que nos recuerda los mil caminos inacabados que componen aquello que llamamos vida y como se recoge en el pr\u00f3logo:<\/div>\n<\/div>\n<div class=\"x14z9mp xat24cr x1lziwak x1vvkbs xtlvy1s x126k92a\">\n<div dir=\"auto\">\u00abA pesar de todo, de la aparente soledad y los sue\u00f1os marchitos, la voz deja un recoveco para la esperanza, agazapada siempre en alg\u00fan punto de su evocaci\u00f3n, como un indicio de que la vida que surge de ella es lo \u00fanico verdaderamente definitivo\u00bb.<\/div>\n<\/div>\n<div dir=\"auto\">La joven autora cubana reside desde hace tres a\u00f1os en Puerto del Rosario y presenta su primera obra literaria.<\/div>\n<\/div>\n","protected":false},"excerpt":{"rendered":"<p>La Casa de la Cultura acog\u00eda en la tarde-noche del viernes, 21 de noviembre, la presentaci\u00f3n del libro \u00bb Fractura, de isla en isla\u00bb de Dany Perag. Un libro que [&hellip;]<\/p>\n","protected":false},"author":1,"featured_media":14395,"comment_status":"open","ping_status":"open","sticky":false,"template":"","format":"standard","meta":{"inline_featured_image":false,"jnews-multi-image_gallery":[],"jnews_single_post":[],"jnews_primary_category":[],"jnews_social_meta":[],"jnews_override_counter":[],"jnews_post_split":[],"footnotes":""},"categories":[61],"tags":[],"class_list":["post-14393","post","type-post","status-publish","format-standard","has-post-thumbnail","hentry","category-puerto-del-rosario"],"jetpack_featured_media_url":"https:\/\/informacionlocal.es\/wp-content\/uploads\/2025\/11\/libro-fractura-d-y-v-final.jpg","_links":{"self":[{"href":"https:\/\/informacionlocal.es\/it\/wp-json\/wp\/v2\/posts\/14393","targetHints":{"allow":["GET"]}}],"collection":[{"href":"https:\/\/informacionlocal.es\/it\/wp-json\/wp\/v2\/posts"}],"about":[{"href":"https:\/\/informacionlocal.es\/it\/wp-json\/wp\/v2\/types\/post"}],"author":[{"embeddable":true,"href":"https:\/\/informacionlocal.es\/it\/wp-json\/wp\/v2\/users\/1"}],"replies":[{"embeddable":true,"href":"https:\/\/informacionlocal.es\/it\/wp-json\/wp\/v2\/comments?post=14393"}],"version-history":[{"count":0,"href":"https:\/\/informacionlocal.es\/it\/wp-json\/wp\/v2\/posts\/14393\/revisions"}],"wp:featuredmedia":[{"embeddable":true,"href":"https:\/\/informacionlocal.es\/it\/wp-json\/wp\/v2\/media\/14395"}],"wp:attachment":[{"href":"https:\/\/informacionlocal.es\/it\/wp-json\/wp\/v2\/media?parent=14393"}],"wp:term":[{"taxonomy":"category","embeddable":true,"href":"https:\/\/informacionlocal.es\/it\/wp-json\/wp\/v2\/categories?post=14393"},{"taxonomy":"post_tag","embeddable":true,"href":"https:\/\/informacionlocal.es\/it\/wp-json\/wp\/v2\/tags?post=14393"}],"curies":[{"name":"wp","href":"https:\/\/api.w.org\/{rel}","templated":true}]}}