{"id":14387,"date":"2025-11-22T22:58:50","date_gmt":"2025-11-22T22:58:50","guid":{"rendered":"https:\/\/informacionlocal.es\/el-deporte-inclusivo-se-cita-con-el-proyecto-suma-en-puerto-del-rosario\/"},"modified":"2025-11-22T22:58:50","modified_gmt":"2025-11-22T22:58:50","slug":"el-deporte-inclusivo-se-cita-con-el-proyecto-suma-en-puerto-del-rosario","status":"publish","type":"post","link":"https:\/\/informacionlocal.es\/it\/el-deporte-inclusivo-se-cita-con-el-proyecto-suma-en-puerto-del-rosario\/","title":{"rendered":"El deporte inclusivo se cita con el Proyecto SUMA en Puerto del Rosario"},"content":{"rendered":"<div class=\"entry-content\">\n<div class=\"xdj266r x14z9mp xat24cr x1lziwak x1vvkbs x126k92a\">\n<div dir=\"auto\">El Polideportivo Municipal \u00abOasis\u00bb de Puerto del Rosario, acog\u00eda este s\u00e1bado, 22 de noviembre, una nueva temporada del Proyecto SUMA, un programa que ya es referente nacional por su apuesta decidida por la inclusi\u00f3n educativa y social a trav\u00e9s del deporte.<\/div>\n<\/div>\n<div class=\"x14z9mp xat24cr x1lziwak x1vvkbs xtlvy1s x126k92a\">\n<div dir=\"auto\">Participaron el alcalde de la capital majorera, David de Vera, el concejal de Deportes, Luis Chac\u00f3n Martel, la concejala de Turismo, Rosa Rodr\u00edguez, y la concejala Ana Hern\u00e1ndez, quienes destacaron el compromiso del municipio con iniciativas que fomentan la igualdad y el desarrollo personal.<\/div>\n<\/div>\n<div class=\"x14z9mp xat24cr x1lziwak x1vvkbs xtlvy1s x126k92a\">\n<div dir=\"auto\">Este a\u00f1o, el Proyecto SUMA celebra siete a\u00f1os de recorrido y afronta su etapa m\u00e1s ambiciosa gracias a la colaboraci\u00f3n con las direcciones generales de Ordenaci\u00f3n de las Ense\u00f1anzas, Inclusi\u00f3n e Innovaci\u00f3n, y de Actividad F\u00edsica y Deporte.<\/div>\n<\/div>\n<div class=\"x14z9mp xat24cr x1lziwak x1vvkbs xtlvy1s x126k92a\">\n<div dir=\"auto\">Tras el excelente recibimiento en 74 centros, el proyecto se expande este curso 2025\/2026 hasta superar el centenar, con 99 centros en Gran Canaria y 6 en Fuerteventura, consolid\u00e1ndose definitivamente como una iniciativa estable y transformadora.<\/div>\n<\/div>\n<\/div>\n","protected":false},"excerpt":{"rendered":"<p>El Polideportivo Municipal \u00abOasis\u00bb de Puerto del Rosario, acog\u00eda este s\u00e1bado, 22 de noviembre, una nueva temporada del Proyecto SUMA, un programa que ya es referente nacional por su apuesta [&hellip;]<\/p>\n","protected":false},"author":1,"featured_media":14389,"comment_status":"open","ping_status":"open","sticky":false,"template":"","format":"standard","meta":{"inline_featured_image":false,"jnews-multi-image_gallery":[],"jnews_single_post":[],"jnews_primary_category":[],"jnews_social_meta":[],"jnews_override_counter":[],"jnews_post_split":[],"footnotes":""},"categories":[61],"tags":[],"class_list":["post-14387","post","type-post","status-publish","format-standard","has-post-thumbnail","hentry","category-puerto-del-rosario"],"jetpack_featured_media_url":"https:\/\/informacionlocal.es\/wp-content\/uploads\/2025\/11\/baloncesto-sin-limites-corto.jpg","_links":{"self":[{"href":"https:\/\/informacionlocal.es\/it\/wp-json\/wp\/v2\/posts\/14387","targetHints":{"allow":["GET"]}}],"collection":[{"href":"https:\/\/informacionlocal.es\/it\/wp-json\/wp\/v2\/posts"}],"about":[{"href":"https:\/\/informacionlocal.es\/it\/wp-json\/wp\/v2\/types\/post"}],"author":[{"embeddable":true,"href":"https:\/\/informacionlocal.es\/it\/wp-json\/wp\/v2\/users\/1"}],"replies":[{"embeddable":true,"href":"https:\/\/informacionlocal.es\/it\/wp-json\/wp\/v2\/comments?post=14387"}],"version-history":[{"count":0,"href":"https:\/\/informacionlocal.es\/it\/wp-json\/wp\/v2\/posts\/14387\/revisions"}],"wp:featuredmedia":[{"embeddable":true,"href":"https:\/\/informacionlocal.es\/it\/wp-json\/wp\/v2\/media\/14389"}],"wp:attachment":[{"href":"https:\/\/informacionlocal.es\/it\/wp-json\/wp\/v2\/media?parent=14387"}],"wp:term":[{"taxonomy":"category","embeddable":true,"href":"https:\/\/informacionlocal.es\/it\/wp-json\/wp\/v2\/categories?post=14387"},{"taxonomy":"post_tag","embeddable":true,"href":"https:\/\/informacionlocal.es\/it\/wp-json\/wp\/v2\/tags?post=14387"}],"curies":[{"name":"wp","href":"https:\/\/api.w.org\/{rel}","templated":true}]}}