{"id":14341,"date":"2025-11-21T14:59:30","date_gmt":"2025-11-21T14:59:30","guid":{"rendered":"https:\/\/informacionlocal.es\/puerto-del-rosario-celebra-el-dia-internacional-del-patrimonio-mundial-con-una-emotiva-representacion-historica-que-reunio-a-residentes-y-visitantes\/"},"modified":"2025-11-21T14:59:30","modified_gmt":"2025-11-21T14:59:30","slug":"puerto-del-rosario-celebra-el-dia-internacional-del-patrimonio-mundial-con-una-emotiva-representacion-historica-que-reunio-a-residentes-y-visitantes","status":"publish","type":"post","link":"https:\/\/informacionlocal.es\/it\/puerto-del-rosario-celebra-el-dia-internacional-del-patrimonio-mundial-con-una-emotiva-representacion-historica-que-reunio-a-residentes-y-visitantes\/","title":{"rendered":"Puerto del Rosario celebra el D\u00eda Internacional del Patrimonio Mundial con una emotiva representaci\u00f3n hist\u00f3rica que reuni\u00f3 a residentes y visitantes"},"content":{"rendered":"<div class=\"entry-content\">\n<ul>\n<li><span><strong>La capital majorera recre\u00f3 la vida del antiguo Puerto Cabras en una jornada que uni\u00f3 tradici\u00f3n, cultura<\/strong><\/span><\/li>\n<\/ul>\n<p><span><strong>En Puerto del Rosario, a 18 de noviembre de 2025.<\/strong>\u2013 La Plaza de Las Escuevas y la calle Primero de Mayo se convirtieron en protagonistas del D\u00eda Internacional del Patrimonio Mundial, donde cientos de personas disfrutaron de una representaci\u00f3n hist\u00f3rica y lectura patrimonial dedicada a las ra\u00edces del antiguo Puerto Cabras.<\/span><\/p>\n<p><span>La actividad, impulsada por el Ayuntamiento de Puerto del Rosario, con la colaboraci\u00f3n de AF Maxorata y el Cabildo de Fuerteventura, llen\u00f3 el casco hist\u00f3rico de escenas tradicionales, m\u00fasica en vivo y una puesta en escena que evoc\u00f3 la vida cotidiana de generaciones pasadas. Un homenaje que reivindica la memoria colectiva del municipio.<\/span><\/p>\n<p><span>El alcalde de Puerto del Rosario, David de Vera, destac\u00f3 la importancia de acercar el patrimonio a la ciudadan\u00eda. \u201cEn esta actividad hemos visto c\u00f3mo nuestro pasado sigue vivo. Preservar el patrimonio no es solo conservar edificios; es mantener vivos los oficios y las voces que levantaron Puerto Cabras. Y hacerlo acompa\u00f1ado de vecinos y de turistas que han descubierto parte de nuestra identidad es, sin duda, un orgullo para esta ciudad\u201d.<\/span><\/p>\n<p><img loading=\"lazy\" decoding=\"async\" loading=\"lazy\" class=\"size-large wp-image-157744 aligncenter\" src=\"https:\/\/informacionlocal.es\/wp-content\/uploads\/2025\/11\/patrimonio-2-2-1024x768-1.jpeg\" width=\"1024\" height=\"768\" title=\"patrimonio-2-2-1024x768-1\"><\/p>\n<p><span>Por su parte, el concejal de Patrimonio Hist\u00f3rico, David de Le\u00f3n, subray\u00f3 el valor de la jornada, \u201cestas representaciones nos ayudan a conectar con quienes fuimos. Cuando mostramos nuestro patrimonio de forma cercana, la gente lo siente suyo. Es fundamental que cada vecino, cada joven y cada visitante entienda que detr\u00e1s de cada rinc\u00f3n del municipio hay historias que merecen ser contadas y protegidas\u201d.<\/span><\/p>\n<p><span>La concejala de Turismo, Rosa Rodr\u00edguez, resalt\u00f3 la excelente acogida entre los visitantes que se encontraban en la capital. \u201cMuchos turistas se acercaron atra\u00eddos por la m\u00fasica, los trajes tradicionales y el ambiente. Este tipo de iniciativas no solo enriquecen la experiencia de quienes nos visitan, sino que tambi\u00e9n refuerzan la imagen de Puerto del Rosario como un destino que cuida y comparte su cultura\u201d.<\/span><\/p>\n<p><span>El Ayuntamiento de Puerto del Rosario continuar\u00e1 desarrollando acciones orientadas a la conservaci\u00f3n, divulgaci\u00f3n y puesta en valor del patrimonio local como eje fundamental de la identidad municipal y de su proyecci\u00f3n cultural y tur\u00edstica.<\/span><\/p>\n<\/div>\n","protected":false},"excerpt":{"rendered":"<p>La capital majorera recre\u00f3 la vida del antiguo Puerto Cabras en una jornada que uni\u00f3 tradici\u00f3n, cultura En Puerto del Rosario, a 18 de noviembre de 2025.\u2013 La Plaza de [&hellip;]<\/p>\n","protected":false},"author":1,"featured_media":14343,"comment_status":"open","ping_status":"open","sticky":false,"template":"","format":"standard","meta":{"inline_featured_image":false,"jnews-multi-image_gallery":[],"jnews_single_post":[],"jnews_primary_category":[],"jnews_social_meta":[],"jnews_override_counter":[],"jnews_post_split":[],"footnotes":""},"categories":[61],"tags":[82],"class_list":["post-14341","post","type-post","status-publish","format-standard","has-post-thumbnail","hentry","category-puerto-del-rosario","tag-fuerteventura"],"jetpack_featured_media_url":"https:\/\/informacionlocal.es\/wp-content\/uploads\/2025\/11\/patrimonio-3.png","_links":{"self":[{"href":"https:\/\/informacionlocal.es\/it\/wp-json\/wp\/v2\/posts\/14341","targetHints":{"allow":["GET"]}}],"collection":[{"href":"https:\/\/informacionlocal.es\/it\/wp-json\/wp\/v2\/posts"}],"about":[{"href":"https:\/\/informacionlocal.es\/it\/wp-json\/wp\/v2\/types\/post"}],"author":[{"embeddable":true,"href":"https:\/\/informacionlocal.es\/it\/wp-json\/wp\/v2\/users\/1"}],"replies":[{"embeddable":true,"href":"https:\/\/informacionlocal.es\/it\/wp-json\/wp\/v2\/comments?post=14341"}],"version-history":[{"count":0,"href":"https:\/\/informacionlocal.es\/it\/wp-json\/wp\/v2\/posts\/14341\/revisions"}],"wp:featuredmedia":[{"embeddable":true,"href":"https:\/\/informacionlocal.es\/it\/wp-json\/wp\/v2\/media\/14343"}],"wp:attachment":[{"href":"https:\/\/informacionlocal.es\/it\/wp-json\/wp\/v2\/media?parent=14341"}],"wp:term":[{"taxonomy":"category","embeddable":true,"href":"https:\/\/informacionlocal.es\/it\/wp-json\/wp\/v2\/categories?post=14341"},{"taxonomy":"post_tag","embeddable":true,"href":"https:\/\/informacionlocal.es\/it\/wp-json\/wp\/v2\/tags?post=14341"}],"curies":[{"name":"wp","href":"https:\/\/api.w.org\/{rel}","templated":true}]}}