{"id":14335,"date":"2025-11-21T13:58:23","date_gmt":"2025-11-21T13:58:23","guid":{"rendered":"https:\/\/informacionlocal.es\/el-espectaculo-todo-un-poco-de-nosotros-este-sabado-con-antigua-suena\/"},"modified":"2025-11-21T13:58:23","modified_gmt":"2025-11-21T13:58:23","slug":"el-espectaculo-todo-un-poco-de-nosotros-este-sabado-con-antigua-suena","status":"publish","type":"post","link":"https:\/\/informacionlocal.es\/it\/el-espectaculo-todo-un-poco-de-nosotros-este-sabado-con-antigua-suena\/","title":{"rendered":"El Espect\u00e1culo Todo un poco de nosotros este s\u00e1bado con Antigua Suena"},"content":{"rendered":"<div class=\"elementor-widget-container\">\n<p><strong>El Espect\u00e1culo Todo un poco de nosotros este s\u00e1bado con Antigua Suena<\/strong><\/p>\n<p><strong>\u2022 En el patio canario de la Biblioteca Municipal de Antigua, El Port\u00f3n, bajo la direcci\u00f3n art\u00edstica de V\u00edctor Estarico, el ciclo musical Antigua Suena presenta el espect\u00e1culo Todo un poco de nosotros.<\/strong><\/p>\n<p><strong>\u2022 Este s\u00e1bado 22 de noviembre en el patio de la Biblioteca Municipal de Antigua a las 20:00 horas, entrada libre y gratuita.<\/strong><\/p>\n<p><strong>El ciclo musical Antigua Suena esta organizado por el Ayuntamiento de Antigua desde la concejal\u00eda de Cultura que dirige Jonathan Pe\u00f1a.<\/strong><\/p>\n<p>El Ayuntamiento de Antigua desde la concejal\u00eda de Cultura organiza el ciclo musical Antigua Suena, detalla el responsable de \u00e1rea Jonathan Pe\u00f1a, bajo la direcci\u00f3n art\u00edstica del conocido m\u00fasico, V\u00edctor Est\u00e1rico, y a\u00f1ade, ofreciendo este s\u00e1bado y los pr\u00f3ximos dos viernes por la tarde una actuaci\u00f3n musical que fusiona folclore, bolero, jazz o temas cl\u00e1sicos interpretados con extraordinaria calidad por parte de los m\u00fasicos int\u00e9rpretes.<\/p>\n<p>Este s\u00e1bado 22 de noviembre a las 20:00 horas, el patio majorero de la Biblioteca Municipal de Antigua acoge el espect\u00e1culo Todo un poco de nosotros, conentrada libre y gratuita.<\/p>\n<p>Este ciclo musical es un reflejo del impulso a los actos culturales de calidad y la promoci\u00f3n de los mismos que la concejal\u00eda de Cultura viene organizando, nuevos espect\u00e1culos alternativos que se organizan en los centros culturales y especialmente reivindicando espacios como la propia Biblioteca Municipal de Antigua, a\u00f1ade el alcalde, Mat\u00edas Pe\u00f1a.<\/p>\n<p>El ciclo de Antigua suena, tras el espect\u00e1culo de este s\u00e1bado contin\u00faa su programaci\u00f3n los siguientes dis viernes por la tarde con el cantante Ivan Quintana el 28 de noviembre y los m\u00fasicos de Fuerteventura, Tom\u00e1s Perera acompa\u00f1ando a Ayla y Julia Rodr\u00edguez.<\/p>\n<\/div>\n","protected":false},"excerpt":{"rendered":"<p><strong>El Espect\u00e1culo Todo un poco de nosotros este s\u00e1bado con Antigua Suena<\/strong><\/p>\n","protected":false},"author":1,"featured_media":14337,"comment_status":"open","ping_status":"open","sticky":false,"template":"","format":"standard","meta":{"inline_featured_image":false,"jnews-multi-image_gallery":[],"jnews_single_post":[],"jnews_primary_category":[],"jnews_social_meta":[],"jnews_override_counter":[],"jnews_post_split":[],"footnotes":""},"categories":[59],"tags":[82],"class_list":["post-14335","post","type-post","status-publish","format-standard","has-post-thumbnail","hentry","category-antigua","tag-fuerteventura"],"jetpack_featured_media_url":"https:\/\/informacionlocal.es\/wp-content\/uploads\/2025\/11\/antigua-suena-22-noviembre.jpeg","_links":{"self":[{"href":"https:\/\/informacionlocal.es\/it\/wp-json\/wp\/v2\/posts\/14335","targetHints":{"allow":["GET"]}}],"collection":[{"href":"https:\/\/informacionlocal.es\/it\/wp-json\/wp\/v2\/posts"}],"about":[{"href":"https:\/\/informacionlocal.es\/it\/wp-json\/wp\/v2\/types\/post"}],"author":[{"embeddable":true,"href":"https:\/\/informacionlocal.es\/it\/wp-json\/wp\/v2\/users\/1"}],"replies":[{"embeddable":true,"href":"https:\/\/informacionlocal.es\/it\/wp-json\/wp\/v2\/comments?post=14335"}],"version-history":[{"count":0,"href":"https:\/\/informacionlocal.es\/it\/wp-json\/wp\/v2\/posts\/14335\/revisions"}],"wp:featuredmedia":[{"embeddable":true,"href":"https:\/\/informacionlocal.es\/it\/wp-json\/wp\/v2\/media\/14337"}],"wp:attachment":[{"href":"https:\/\/informacionlocal.es\/it\/wp-json\/wp\/v2\/media?parent=14335"}],"wp:term":[{"taxonomy":"category","embeddable":true,"href":"https:\/\/informacionlocal.es\/it\/wp-json\/wp\/v2\/categories?post=14335"},{"taxonomy":"post_tag","embeddable":true,"href":"https:\/\/informacionlocal.es\/it\/wp-json\/wp\/v2\/tags?post=14335"}],"curies":[{"name":"wp","href":"https:\/\/api.w.org\/{rel}","templated":true}]}}