{"id":14301,"date":"2025-11-20T19:58:21","date_gmt":"2025-11-20T19:58:21","guid":{"rendered":"https:\/\/informacionlocal.es\/vuelve-a-vivir-la-carrera-entre-volcanes-con-la-iii-las-calderas-trail\/"},"modified":"2025-11-20T19:58:21","modified_gmt":"2025-11-20T19:58:21","slug":"vuelve-a-vivir-la-carrera-entre-volcanes-con-la-iii-las-calderas-trail","status":"publish","type":"post","link":"https:\/\/informacionlocal.es\/it\/vuelve-a-vivir-la-carrera-entre-volcanes-con-la-iii-las-calderas-trail\/","title":{"rendered":"Vuelve a vivir la carrera entre volcanes con la III Las Calderas Trail"},"content":{"rendered":"<p>Deporte, paisaje natural inigualable y sostenibilidad. As\u00ed es la apuesta para la III edici\u00f3n de Las Calderas Trail. Los Lajares acoge, este s\u00e1bado 22 de noviembre, una carrera que comprende lo mejor de la modalidad deportiva, sin olvidar la conciencia ambiental. El encuentro, que organiza el Club Deportivo Obst\u00e1culos La Oliva junto con la colaboraci\u00f3n del Ayuntamiento de La Oliva, a trav\u00e9s de la Concejal\u00eda de Deportes, que gestiona Gleiber Carre\u00f1o, as\u00ed como la Concejal\u00eda de Medio Ambiente, con David Fajardo al frente, se desarrolla en un paraje \u00fanico en el que no se olvida el cuidado del entorno antes y despu\u00e9s de la competici\u00f3n.<\/p>\n<p>La carrera contar\u00e1 tres modalidades distintas, la primera \u2018Calder\u00f3n Extreme\u2019 de 16km, la segunda de 10km \u2018Mini Calder\u00f3n\u2019 y, por \u00faltimo, una tercera modalidad de 7km de senderismo. Adem\u00e1s, los m\u00e1s peque\u00f1os, dependiendo de su edad, podr\u00e1n participar, a partir de las 12:00 horas, en la competici\u00f3n con tres carreras adaptadas a nuestros peque\u00f1os deportistas de 900, 600 y 300 metros. Una experiencia al completo pues, participantes y asistentes no solo podr\u00e1n disfrutar de animaci\u00f3n, m\u00fasica y buen ambiente durante la competencia, sino que tambi\u00e9n, podr\u00e1n degustar la mejor gastronom\u00eda local con productos kil\u00f3metro cero. <\/p>\n<p>El alcalde de La Oliva, Isa\u00ed Blanco, destaca el car\u00e1cter \u00fanico de la carrera: \u201cLas Calderas Trail vuelve, un a\u00f1o m\u00e1s, a demostrar que el binomio deporte y medio ambiente es posible. Una carrera \u00fanica en un paraje especial de la localidad de Los Lajares que contempla el cuidado del entorno, la gastronom\u00eda local y el producto kil\u00f3metro cero, tres de los aspectos que desde el Ayuntamiento venimos promocionando desde comienzo de legislatura. Invitamos a los vecinos y vecinas a disfrutar de esta competici\u00f3n en el marco de las fiestas del pueblo.\u201d<\/p>\n<p>Por su parte, la concejala de Deportes, Gleiber Carre\u00f1o, manifiesta: \u201cContinuamos apostando por esta carrera tan completa que comprende lo mejor del municipio, el deporte, nuestros paisajes \u00fanicos, como lo es el del Calder\u00f3n Hondo, as\u00ed como nuestra gastronom\u00eda y buen ambiente. Les esperamos este s\u00e1bado 22 de noviembre para disfrutar del deporte en este lugar tan emblem\u00e1tico de Los Lajares.\u201d <\/p>\n<p>Por \u00faltimo, el concejal de Medio Ambiente, David Fajardo, se\u00f1ala el car\u00e1cter de cuidado y conciencia con el entorno presentes en el evento: \u201cUn a\u00f1o m\u00e1s organizamos, desde la Concejal\u00eda, la limpieza del Calder\u00f3n Hondo despu\u00e9s de la competici\u00f3n en colaboraci\u00f3n con los corredores y vecinos y vecinas del pueblo. En esta segunda edici\u00f3n de la Ruta Ambiental La Milagrosa, volvemos a contar con una modalidad en bicicleta (12km) y otra de senderismo (8km) que tiene, como fin \u00faltimo, recoger los residuos de la zona y asegurarnos de preservar el medio natural tras el encuentro deportivo.\u201d<\/p>\n<p>El Consistorio apuesta as\u00ed, por el fomento de la actividad f\u00edsica, lasas costumbres del pueblo majorero a trav\u00e9s de su gastronom\u00eda y los productos kil\u00f3metro cero de la zona, sin olvidar una de las m\u00e1ximas del gobierno local, el cuidado del medio natural del municipio.<\/p>\n","protected":false},"excerpt":{"rendered":"<p><span>El evento deportivo regresa este s\u00e1bado 22 de noviembre a Los Lajares, en el marco de las Fiestas en honor a Nuestra Se\u00f1ora de La Milagrosa, con un \u00e9xito absoluto al alcanzar un total de 300 inscritos en la carrera<\/span><\/p>\n","protected":false},"author":1,"featured_media":14303,"comment_status":"open","ping_status":"open","sticky":false,"template":"","format":"standard","meta":{"inline_featured_image":false,"jnews-multi-image_gallery":[],"jnews_single_post":[],"jnews_primary_category":[],"jnews_social_meta":[],"jnews_override_counter":[],"jnews_post_split":[],"footnotes":""},"categories":[62],"tags":[76],"class_list":["post-14301","post","type-post","status-publish","format-standard","has-post-thumbnail","hentry","category-la-oliva","tag-medio-ambiente"],"jetpack_featured_media_url":"https:\/\/informacionlocal.es\/wp-content\/uploads\/2025\/11\/5274_0791fe57.png","_links":{"self":[{"href":"https:\/\/informacionlocal.es\/it\/wp-json\/wp\/v2\/posts\/14301","targetHints":{"allow":["GET"]}}],"collection":[{"href":"https:\/\/informacionlocal.es\/it\/wp-json\/wp\/v2\/posts"}],"about":[{"href":"https:\/\/informacionlocal.es\/it\/wp-json\/wp\/v2\/types\/post"}],"author":[{"embeddable":true,"href":"https:\/\/informacionlocal.es\/it\/wp-json\/wp\/v2\/users\/1"}],"replies":[{"embeddable":true,"href":"https:\/\/informacionlocal.es\/it\/wp-json\/wp\/v2\/comments?post=14301"}],"version-history":[{"count":0,"href":"https:\/\/informacionlocal.es\/it\/wp-json\/wp\/v2\/posts\/14301\/revisions"}],"wp:featuredmedia":[{"embeddable":true,"href":"https:\/\/informacionlocal.es\/it\/wp-json\/wp\/v2\/media\/14303"}],"wp:attachment":[{"href":"https:\/\/informacionlocal.es\/it\/wp-json\/wp\/v2\/media?parent=14301"}],"wp:term":[{"taxonomy":"category","embeddable":true,"href":"https:\/\/informacionlocal.es\/it\/wp-json\/wp\/v2\/categories?post=14301"},{"taxonomy":"post_tag","embeddable":true,"href":"https:\/\/informacionlocal.es\/it\/wp-json\/wp\/v2\/tags?post=14301"}],"curies":[{"name":"wp","href":"https:\/\/api.w.org\/{rel}","templated":true}]}}