{"id":14283,"date":"2025-11-20T16:58:22","date_gmt":"2025-11-20T16:58:22","guid":{"rendered":"https:\/\/informacionlocal.es\/preparen-abrigos-y-maletas-que-los-mayores-de-antigua-nos-vamos-de-viaje\/"},"modified":"2025-11-20T16:58:22","modified_gmt":"2025-11-20T16:58:22","slug":"preparen-abrigos-y-maletas-que-los-mayores-de-antigua-nos-vamos-de-viaje","status":"publish","type":"post","link":"https:\/\/informacionlocal.es\/it\/preparen-abrigos-y-maletas-que-los-mayores-de-antigua-nos-vamos-de-viaje\/","title":{"rendered":"Preparen abrigos y maletas que los mayores de Antigua nos vamos de viaje"},"content":{"rendered":"<div class=\"elementor-widget-container\">\n<p><strong>Preparen abrigos y maletas que los mayores de Antigua nos vamos de viaje<\/strong><\/p>\n<p><strong>\u2022 Desayunos, comidas, cenas, paseos y visitas guiadas a Castro Urdiales, al Sardinero, Li\u00e9rganes, Cangas de On\u00eds, los Picos de Europa, Santillana del Mar o Cab\u00e1rceno entre los parajes a visitar.<\/strong><\/p>\n<p><strong>\u2022 La rutina diaria de un centenar de mayores de Antigua cambia completamente a partir de este s\u00e1bado 22 de noviembre, cuando suban al vuelo rumbo Cantabria y Asturias.<\/strong><\/p>\n<p>Este jueves 20 de noviembre en el centro de mayores de Antigua se ha celebrado la \u00faltima reuni\u00f3n preparatoria del Viaje de mayores de Antigua a Cantabria y Asturias, detallando la ropa de abrigo y c\u00f3moda, las zapatillas de paseo, los documentos imprescindibles y las rutas que podr\u00e1n disfrutarse seg\u00fan el d\u00eda y seg\u00fan el lugar donde se encuentren, se\u00f1ala la concejala de Servicios Sociales, Am\u00e9rica Soto.<\/p>\n<p>S\u00f3lo queda desearles un entretenido, c\u00f3modo y seguro viaje, que disfruten de la compa\u00f1\u00eda, que se cuiden y que vengan con todas las ganas de contar a los suyos lo que han visto y disfrutado, como ya ocurriera el a\u00f1o pasado cuando recorrieron Galicia, se\u00f1ala el alcalde, Mat\u00edas Pe\u00f1a.<\/p>\n<p>Ustedes son la mejor inversi\u00f3n de este Ayuntamiento de Antigua, destinando 60.000 euros a financiar y facilitar la participaci\u00f3n de todos, afirma el regidor, al margen de la pensi\u00f3n que puedan tener cada uno y cada una.<\/p>\n<p>Desde que suban este s\u00e1bado al avi\u00f3n, un centenar de mayores del municipio de Antigua cambiar\u00e1n completamente su rutina cotidiana, dedic\u00e1ndose nada m\u00e1s que a elegir mesa para desayunar, comer o cenar con todos los platos preparados para escoger, pendientes de la hora s\u00f3lo para subir al bus que les lleve a su pr\u00f3ximo destino, donde les explicaran los detalles y compartir\u00e1n con los lugare\u00f1os de cada lugar caf\u00e9 y conversaci\u00f3n.<\/p>\n<p>Una ruta de siete d\u00edas en que recorrer\u00e1n algunos de los principales destinos de Cantabria y Asturias, entre estos, Castro Urdiales, Sardinero, Li\u00e9rganes, Cangas de On\u00eds, los Picos de Europa, Santillana del Mar o Cab\u00e1rceno entre los parajes a visitar.<\/p>\n<p>\u00a0<\/p>\n<\/div>\n","protected":false},"excerpt":{"rendered":"<p><strong>Preparen abrigos y maletas que los mayores de Antigua nos vamos de viaje<\/strong><\/p>\n","protected":false},"author":1,"featured_media":14285,"comment_status":"open","ping_status":"open","sticky":false,"template":"","format":"standard","meta":{"inline_featured_image":false,"jnews-multi-image_gallery":[],"jnews_single_post":[],"jnews_primary_category":[],"jnews_social_meta":[],"jnews_override_counter":[],"jnews_post_split":[],"footnotes":""},"categories":[59],"tags":[],"class_list":["post-14283","post","type-post","status-publish","format-standard","has-post-thumbnail","hentry","category-antigua"],"jetpack_featured_media_url":"https:\/\/informacionlocal.es\/wp-content\/uploads\/2025\/11\/preparen-abrigos-y-maletas-que-los-de-antigua-nos-vamos-de-viaje-scaled-1.jpg","_links":{"self":[{"href":"https:\/\/informacionlocal.es\/it\/wp-json\/wp\/v2\/posts\/14283","targetHints":{"allow":["GET"]}}],"collection":[{"href":"https:\/\/informacionlocal.es\/it\/wp-json\/wp\/v2\/posts"}],"about":[{"href":"https:\/\/informacionlocal.es\/it\/wp-json\/wp\/v2\/types\/post"}],"author":[{"embeddable":true,"href":"https:\/\/informacionlocal.es\/it\/wp-json\/wp\/v2\/users\/1"}],"replies":[{"embeddable":true,"href":"https:\/\/informacionlocal.es\/it\/wp-json\/wp\/v2\/comments?post=14283"}],"version-history":[{"count":0,"href":"https:\/\/informacionlocal.es\/it\/wp-json\/wp\/v2\/posts\/14283\/revisions"}],"wp:featuredmedia":[{"embeddable":true,"href":"https:\/\/informacionlocal.es\/it\/wp-json\/wp\/v2\/media\/14285"}],"wp:attachment":[{"href":"https:\/\/informacionlocal.es\/it\/wp-json\/wp\/v2\/media?parent=14283"}],"wp:term":[{"taxonomy":"category","embeddable":true,"href":"https:\/\/informacionlocal.es\/it\/wp-json\/wp\/v2\/categories?post=14283"},{"taxonomy":"post_tag","embeddable":true,"href":"https:\/\/informacionlocal.es\/it\/wp-json\/wp\/v2\/tags?post=14283"}],"curies":[{"name":"wp","href":"https:\/\/api.w.org\/{rel}","templated":true}]}}