{"id":14277,"date":"2025-11-20T15:58:26","date_gmt":"2025-11-20T15:58:26","guid":{"rendered":"https:\/\/informacionlocal.es\/el-cabildo-conmemora-el-dia-mundial-de-la-infancia-con-un-programa-especial-de-radio-en-ceip-puerto-cabras\/"},"modified":"2025-11-20T15:58:26","modified_gmt":"2025-11-20T15:58:26","slug":"el-cabildo-conmemora-el-dia-mundial-de-la-infancia-con-un-programa-especial-de-radio-en-ceip-puerto-cabras","status":"publish","type":"post","link":"https:\/\/informacionlocal.es\/it\/el-cabildo-conmemora-el-dia-mundial-de-la-infancia-con-un-programa-especial-de-radio-en-ceip-puerto-cabras\/","title":{"rendered":"El Cabildo conmemora el D\u00eda Mundial de la Infancia con un programa especial de radio en CEIP Puerto Cabras"},"content":{"rendered":"<div class=\"entry-content\"><strong>20 noviembre, 2025<\/strong><\/p>\n<p>El Cabildo de Fuerteventura, a trav\u00e9s del \u00e1rea de Acci\u00f3n Social, conmemora<br \/>\nel D\u00eda Mundial de la Infancia (20 de noviembre) con una variada programaci\u00f3n de<br \/>\nactividades. En el d\u00eda de hoy, 20 de noviembre, una representaci\u00f3n del Consejo<br \/>\nde La Infancia y Adolescencia de Fuerteventura particip\u00f3 en un programa<br \/>\nespecial de la radio escolar del CEIP Puerto Cabras, Radio Guanil, junto a<br \/>\nni\u00f1os y ni\u00f1as del centro educativo, ubicado en Puerto del Rosario.<\/p>\n<p>Alumnado, familias y docentes se reunieron para promover los<br \/>\nderechos de la infancia y fomentar su participaci\u00f3n activa en la sociedad majorera.<\/p>\n<p>Tanto la presidenta insular, Lola Garc\u00eda, como el consejero de<br \/>\nAcci\u00f3n Social, V\u00edctor Alonso, agradecen a los centros, familias y al propio<br \/>\nalumnado por participar en esta actividad tan especial para celebrar la voz de<br \/>\nlos ni\u00f1os y ni\u00f1as de Fuerteventura.<\/p>\n<p>Durante la emisi\u00f3n, los participantes explicaron el significado<br \/>\ndel D\u00eda Mundial de la Infancia, una fecha que se conmemora cada 20 de noviembre<br \/>\nen recuerdo de la aprobaci\u00f3n de la Declaraci\u00f3n de los Derechos del Ni\u00f1o de 1959<br \/>\ny de la posterior ratificaci\u00f3n de la Convenci\u00f3n sobre los Derechos del Ni\u00f1o. <\/p>\n<p>Subrayaron que esta celebraci\u00f3n busca sensibilizar a la poblaci\u00f3n<br \/>\nsobre la importancia de proteger y respetar los derechos de la infancia en todo<br \/>\nel mundo, destacando que actividades como el programa de radio permiten<br \/>\nvisibilizar sus necesidades e inquietudes. Conceptos que trasladaron a los<br \/>\noyentes a trav\u00e9s de un manifiesto, a modo de relato, sobre el derecho a ser<br \/>\nprotegido contra el maltrato, el abuso y la explotaci\u00f3n: \u00abCuando<br \/>\nprotegemos a un ni\u00f1o a una ni\u00f1a, el mundo se vuelve un lugar m\u00e1s seguro para<br \/>\ntodos y todas\u00bb<\/p>\n<p>Asimismo, se procedi\u00f3 a la lectura de un poema y un espacio de<br \/>\nintervenciones espont\u00e1neas donde las y los participantes expresaron libremente<br \/>\nsus deseos y preocupaciones, as\u00ed como el desfile de los derechos: un recorrido<br \/>\npor los diferentes derechos que deben tener los ni\u00f1os y ni\u00f1as (derecho a la<br \/>\neducaci\u00f3n, la salud, la escucha, el respeto y el trato justo). <\/p>\n<p>Los ni\u00f1os y ni\u00f1as del programa de radio, invitaron a la<br \/>\nparticipaci\u00f3n de la infancia en los Consejos Municipales e Insulares enmarcados<br \/>\ndentro del proyecto Ciudades Amigas de la Infancia de UNICEF.<\/p>\n<p>Este programa especial de radio cont\u00f3, adem\u00e1s, con la<br \/>\nparticipaci\u00f3n de la cantante Gara Alem\u00e1n. El encuentro finaliz\u00f3 con un mensaje<br \/>\nde compromiso colectivo, reconociendo que los derechos de la infancia van<br \/>\nacompa\u00f1ados de responsabilidades y que la primera manera de defenderlos es<br \/>\npracticarlos en el d\u00eda a d\u00eda.<\/p>\n<p>La Consejer\u00eda de Acci\u00f3n Social contin\u00faa con su programaci\u00f3n de<br \/>\nactividades por el D\u00eda Mundial de la Infancia, con sesiones de cuentacuentos en<br \/>\ndiferentes centros escolares, formaci\u00f3n en prevenci\u00f3n del bullying y las<br \/>\njornadas \u2018Estrategias activas para prevenir el bullying en Fuerteventura\u2019, que<br \/>\ntendr\u00e1n lugar el d\u00eda 28 de noviembre, de 10.00 a 13.30 horas, en el sal\u00f3n de actos<br \/>\ndel Centro Insular de Juventud de Puerto del Rosario.<\/p>\n<\/div>\n","protected":false},"excerpt":{"rendered":"<p>20 noviembre, 2025 El Cabildo de Fuerteventura, a trav\u00e9s del \u00e1rea de Acci\u00f3n Social, conmemora el D\u00eda Mundial de la Infancia (20 de noviembre) con una variada programaci\u00f3n de actividades. [&hellip;]<\/p>\n","protected":false},"author":1,"featured_media":14279,"comment_status":"open","ping_status":"open","sticky":false,"template":"","format":"standard","meta":{"inline_featured_image":false,"jnews-multi-image_gallery":[],"jnews_single_post":[],"jnews_primary_category":[],"jnews_social_meta":[],"jnews_override_counter":[],"jnews_post_split":[],"footnotes":""},"categories":[58],"tags":[73,82],"class_list":["post-14277","post","type-post","status-publish","format-standard","has-post-thumbnail","hentry","category-cabildo","tag-educacion","tag-fuerteventura"],"jetpack_featured_media_url":"https:\/\/informacionlocal.es\/wp-content\/uploads\/2025\/11\/ceip-puerto-cabras.jpeg","_links":{"self":[{"href":"https:\/\/informacionlocal.es\/it\/wp-json\/wp\/v2\/posts\/14277","targetHints":{"allow":["GET"]}}],"collection":[{"href":"https:\/\/informacionlocal.es\/it\/wp-json\/wp\/v2\/posts"}],"about":[{"href":"https:\/\/informacionlocal.es\/it\/wp-json\/wp\/v2\/types\/post"}],"author":[{"embeddable":true,"href":"https:\/\/informacionlocal.es\/it\/wp-json\/wp\/v2\/users\/1"}],"replies":[{"embeddable":true,"href":"https:\/\/informacionlocal.es\/it\/wp-json\/wp\/v2\/comments?post=14277"}],"version-history":[{"count":0,"href":"https:\/\/informacionlocal.es\/it\/wp-json\/wp\/v2\/posts\/14277\/revisions"}],"wp:featuredmedia":[{"embeddable":true,"href":"https:\/\/informacionlocal.es\/it\/wp-json\/wp\/v2\/media\/14279"}],"wp:attachment":[{"href":"https:\/\/informacionlocal.es\/it\/wp-json\/wp\/v2\/media?parent=14277"}],"wp:term":[{"taxonomy":"category","embeddable":true,"href":"https:\/\/informacionlocal.es\/it\/wp-json\/wp\/v2\/categories?post=14277"},{"taxonomy":"post_tag","embeddable":true,"href":"https:\/\/informacionlocal.es\/it\/wp-json\/wp\/v2\/tags?post=14277"}],"curies":[{"name":"wp","href":"https:\/\/api.w.org\/{rel}","templated":true}]}}