{"id":14231,"date":"2025-11-19T13:58:25","date_gmt":"2025-11-19T13:58:25","guid":{"rendered":"https:\/\/informacionlocal.es\/exito-en-los-talleres-de-iniciacion-a-drones-fpv-del-cabildo-de-fuerteventura\/"},"modified":"2025-11-19T13:58:25","modified_gmt":"2025-11-19T13:58:25","slug":"exito-en-los-talleres-de-iniciacion-a-drones-fpv-del-cabildo-de-fuerteventura","status":"publish","type":"post","link":"https:\/\/informacionlocal.es\/it\/exito-en-los-talleres-de-iniciacion-a-drones-fpv-del-cabildo-de-fuerteventura\/","title":{"rendered":"\u00c9xito en los talleres de iniciaci\u00f3n a Drones FPV del Cabildo de Fuerteventura"},"content":{"rendered":"<div class=\"entry-content\"><strong>19 noviembre, 2025<\/strong><\/p>\n<p><strong><em>J\u00f3venes de Fuerteventura participan en las jornadas formativas para impulsar la innovaci\u00f3n tecnol\u00f3gica en la isla<\/em><\/strong><\/p>\n<p>El Cabildo de Fuerteventura, a trav\u00e9s de la Consejer\u00eda de Nuevas Tecnolog\u00edas, ha concluido con gran \u00e9xito sus talleres de iniciaci\u00f3n a drones FPV, celebrados en Puerto del Rosario, La Oliva, Morro Jable y Gran Tarajal.<\/p>\n<p>Las actividades, integradas en \u201cNoches de Luna Llena\u201d de Puerto del Rosario, en la XXXI Semana Cultural Playa de la Cebada del municipio de P\u00e1jara y en la 50 Semana de la Juventud de Gran Tarajal (Tuineje), reunieron, a j\u00f3venes de entre 8 y 17 a\u00f1os en una experiencia formativa que combin\u00f3 aerodin\u00e1mica, seguridad a\u00e9rea, montaje y vuelo de drones, siempre bajo supervisi\u00f3n certificada y con pleno cumplimiento de la normativa europea y de AESA.<\/p>\n<p>Los talleres se llevaron, asimismo, a la Semanas de la Ciencia y la Innovaci\u00f3n en Canarias, que organiza la Consejer\u00eda de Universidades, Ciencia e Innovaci\u00f3n y Cultura, desde la Agencia Canaria de Investigaci\u00f3n, Innovaci\u00f3n y Sociedad de la Informaci\u00f3n (ACIISI).<\/p>\n<p>Enmarcados en la l\u00ednea estrat\u00e9gica 1 del Programa FDCAN Fuerteventura 2023-2027, los talleres promovieron espacios de aprendizaje, creatividad y transferencia de conocimiento, consolidando a Fuerteventura como referente regional en innovaci\u00f3n educativa.<\/p>\n<p>La consejera de Nuevas Tecnolog\u00edas, Carmen Alonso, destac\u00f3 que \u201cestos talleres demuestran el potencial de la juventud majorera para convertirse en protagonistas del cambio tecnol\u00f3gico. Apostamos por una educaci\u00f3n que inspire y despierte vocaciones cient\u00edficas en un entorno seguro, creativo y participativo. Agradecemos la implicaci\u00f3n de las familias, el esfuerzo de los monitores y la colaboraci\u00f3n de los diferentes ayuntamientos. Actividades como esta son fundamentales para preparar a las nuevas generaciones, que ser\u00e1n quienes lideren la transformaci\u00f3n de Fuerteventura hacia una sociedad m\u00e1s digital, conectada y sostenible\u00bb.<\/p>\n<p>La alta participaci\u00f3n y el entusiasmo mostrado por los asistentes reafirman el compromiso del Cabildo de Fuerteventura por acercar la tecnolog\u00eda y la rob\u00f3tica a todos los rincones de la isla, sentando las bases para futuras ediciones y nuevos proyectos en rob\u00f3tica y tecnolog\u00eda.<\/p>\n<\/div>\n","protected":false},"excerpt":{"rendered":"<p>19 noviembre, 2025 J\u00f3venes de Fuerteventura participan en las jornadas formativas para impulsar la innovaci\u00f3n tecnol\u00f3gica en la isla El Cabildo de Fuerteventura, a trav\u00e9s de la Consejer\u00eda de Nuevas [&hellip;]<\/p>\n","protected":false},"author":1,"featured_media":14233,"comment_status":"open","ping_status":"open","sticky":false,"template":"","format":"standard","meta":{"inline_featured_image":false,"jnews-multi-image_gallery":[],"jnews_single_post":[],"jnews_primary_category":[],"jnews_social_meta":[],"jnews_override_counter":[],"jnews_post_split":[],"footnotes":""},"categories":[58],"tags":[73,82,180],"class_list":["post-14231","post","type-post","status-publish","format-standard","has-post-thumbnail","hentry","category-cabildo","tag-educacion","tag-fuerteventura","tag-innovacion"],"jetpack_featured_media_url":"https:\/\/informacionlocal.es\/wp-content\/uploads\/2025\/11\/drones-semanas-de-la-ciencia.jpeg","_links":{"self":[{"href":"https:\/\/informacionlocal.es\/it\/wp-json\/wp\/v2\/posts\/14231","targetHints":{"allow":["GET"]}}],"collection":[{"href":"https:\/\/informacionlocal.es\/it\/wp-json\/wp\/v2\/posts"}],"about":[{"href":"https:\/\/informacionlocal.es\/it\/wp-json\/wp\/v2\/types\/post"}],"author":[{"embeddable":true,"href":"https:\/\/informacionlocal.es\/it\/wp-json\/wp\/v2\/users\/1"}],"replies":[{"embeddable":true,"href":"https:\/\/informacionlocal.es\/it\/wp-json\/wp\/v2\/comments?post=14231"}],"version-history":[{"count":0,"href":"https:\/\/informacionlocal.es\/it\/wp-json\/wp\/v2\/posts\/14231\/revisions"}],"wp:featuredmedia":[{"embeddable":true,"href":"https:\/\/informacionlocal.es\/it\/wp-json\/wp\/v2\/media\/14233"}],"wp:attachment":[{"href":"https:\/\/informacionlocal.es\/it\/wp-json\/wp\/v2\/media?parent=14231"}],"wp:term":[{"taxonomy":"category","embeddable":true,"href":"https:\/\/informacionlocal.es\/it\/wp-json\/wp\/v2\/categories?post=14231"},{"taxonomy":"post_tag","embeddable":true,"href":"https:\/\/informacionlocal.es\/it\/wp-json\/wp\/v2\/tags?post=14231"}],"curies":[{"name":"wp","href":"https:\/\/api.w.org\/{rel}","templated":true}]}}