{"id":14189,"date":"2025-11-18T19:59:09","date_gmt":"2025-11-18T19:59:09","guid":{"rendered":"https:\/\/informacionlocal.es\/fuerteventura-acoge-las-iii-jornadas-de-la-arquitectura-con-la-participacion-de-destacados-estudios-y-profesionales\/"},"modified":"2025-11-18T19:59:09","modified_gmt":"2025-11-18T19:59:09","slug":"fuerteventura-acoge-las-iii-jornadas-de-la-arquitectura-con-la-participacion-de-destacados-estudios-y-profesionales","status":"publish","type":"post","link":"https:\/\/informacionlocal.es\/it\/fuerteventura-acoge-las-iii-jornadas-de-la-arquitectura-con-la-participacion-de-destacados-estudios-y-profesionales\/","title":{"rendered":"Fuerteventura acoge las III Jornadas de la Arquitectura con la participaci\u00f3n de destacados estudios y profesionales"},"content":{"rendered":"<div class=\"entry-content\"><strong>18 noviembre, 2025<\/strong><\/p>\n<p><strong><em>Las actividades se desarrollar\u00e1n del 20 de noviembre al 4 de diciembre, en el Centro de Arte Juan Ismael y el Palacio de Formaci\u00f3n y Congresos<\/em><\/strong><\/p>\n<p>El Colegio Oficial de Arquitectos de Fuerteventura (COAF) organiza III Jornadas de la Arquitectura, un programa de conferencias y encuentros profesionales que tendr\u00e1 lugar entre el 20 de noviembre y el 4 de diciembre en el Centro de Arte Juan Ismael y el Palacio de Formaci\u00f3n y Congresos.\u00a0Las jornadas cuentan con la colaboraci\u00f3n del Cabildo de Fuerteventura y de los ayuntamientos de la isla, entidades que respaldan esta iniciativa orientada a promover el debate, la formaci\u00f3n y la cultura arquitect\u00f3nica.<\/p>\n<p>A lo largo de tres semanas, estas jornadas reunir\u00e1n a prestigiosos estudios de arquitectura y a profesionales del sector que abordar\u00e1n temas clave para el desarrollo de Fuerteventura, como la sostenibilidad, la innovaci\u00f3n constructiva y el desarrollo territorial con el objetivo de ofrecer una mirada actualizada sobre los retos presentes y futuros de la arquitectura.<\/p>\n<p>El COAF subraya que todas las actividades ser\u00e1n abiertas y accesibles para el p\u00fablico general, reafirmando as\u00ed el car\u00e1cter divulgativo, cultural y participativo del evento.<\/p>\n<p>Las ponencias correr\u00e1n a cargo de Estudio Lamela Arquitectos (20 de noviembre) y Estudio Ruiz-Larrea (21 de noviembre), ambas a partir de las 17.30 horas, en el Centro de Arte Juan Ismael.<\/p>\n<p>Por su parte, Estudio Herreros ofrecer\u00e1 una ponencia el 24 de noviembre y Estudio Gloci el 25 de noviembre, ambos a las 17.30 horas, en el Palacio de Formaci\u00f3n y Congresos de Fuerteventura.<\/p>\n<p>El Palacio de Formaci\u00f3n y Congresos acoger\u00e1 actividades tambi\u00e9n el d\u00eda 3 de diciembre, a partir de las 17.30 horas, con Manuel Feo Ojeda y a las 18.30 horas con Fernando L\u00f3pez. El d\u00eda 4 de diciembre ser\u00e1 el turno de Estudio \u00c1balos+Sentkiewicz a las 14.00 horas.\u00a0<\/p>\n<\/div>\n","protected":false},"excerpt":{"rendered":"<p>18 noviembre, 2025 Las actividades se desarrollar\u00e1n del 20 de noviembre al 4 de diciembre, en el Centro de Arte Juan Ismael y el Palacio de Formaci\u00f3n y Congresos El [&hellip;]<\/p>\n","protected":false},"author":1,"featured_media":14191,"comment_status":"open","ping_status":"open","sticky":false,"template":"","format":"standard","meta":{"inline_featured_image":false,"jnews-multi-image_gallery":[],"jnews_single_post":[],"jnews_primary_category":[],"jnews_social_meta":[],"jnews_override_counter":[],"jnews_post_split":[],"footnotes":""},"categories":[58],"tags":[82],"class_list":["post-14189","post","type-post","status-publish","format-standard","has-post-thumbnail","hentry","category-cabildo","tag-fuerteventura"],"jetpack_featured_media_url":"https:\/\/informacionlocal.es\/wp-content\/uploads\/2025\/11\/coaf-1.jpeg","_links":{"self":[{"href":"https:\/\/informacionlocal.es\/it\/wp-json\/wp\/v2\/posts\/14189","targetHints":{"allow":["GET"]}}],"collection":[{"href":"https:\/\/informacionlocal.es\/it\/wp-json\/wp\/v2\/posts"}],"about":[{"href":"https:\/\/informacionlocal.es\/it\/wp-json\/wp\/v2\/types\/post"}],"author":[{"embeddable":true,"href":"https:\/\/informacionlocal.es\/it\/wp-json\/wp\/v2\/users\/1"}],"replies":[{"embeddable":true,"href":"https:\/\/informacionlocal.es\/it\/wp-json\/wp\/v2\/comments?post=14189"}],"version-history":[{"count":0,"href":"https:\/\/informacionlocal.es\/it\/wp-json\/wp\/v2\/posts\/14189\/revisions"}],"wp:featuredmedia":[{"embeddable":true,"href":"https:\/\/informacionlocal.es\/it\/wp-json\/wp\/v2\/media\/14191"}],"wp:attachment":[{"href":"https:\/\/informacionlocal.es\/it\/wp-json\/wp\/v2\/media?parent=14189"}],"wp:term":[{"taxonomy":"category","embeddable":true,"href":"https:\/\/informacionlocal.es\/it\/wp-json\/wp\/v2\/categories?post=14189"},{"taxonomy":"post_tag","embeddable":true,"href":"https:\/\/informacionlocal.es\/it\/wp-json\/wp\/v2\/tags?post=14189"}],"curies":[{"name":"wp","href":"https:\/\/api.w.org\/{rel}","templated":true}]}}