{"id":14139,"date":"2025-11-18T14:59:07","date_gmt":"2025-11-18T14:59:07","guid":{"rendered":"https:\/\/informacionlocal.es\/el-cabildo-inicia-la-rehabilitacion-sostenible-del-paisaje-tradicional-de-agua-de-bueyes\/"},"modified":"2025-11-18T14:59:07","modified_gmt":"2025-11-18T14:59:07","slug":"el-cabildo-inicia-la-rehabilitacion-sostenible-del-paisaje-tradicional-de-agua-de-bueyes","status":"publish","type":"post","link":"https:\/\/informacionlocal.es\/it\/el-cabildo-inicia-la-rehabilitacion-sostenible-del-paisaje-tradicional-de-agua-de-bueyes\/","title":{"rendered":"El Cabildo inicia la rehabilitaci\u00f3n sostenible del paisaje tradicional de Agua de Bueyes"},"content":{"rendered":"<div class=\"entry-content\"><strong>18 noviembre, 2025<\/strong><\/p>\n<p><strong>El proyecto, en coordinaci\u00f3n con el Ayuntamiento de<br \/>\nAntigua, se ejecuta a trav\u00e9s de \u2018Fuerteventura, bonita por naturaleza\u2019 y ata\u00f1e<br \/>\na muros de piedra seca, trastones y gavias<\/strong><\/p>\n<p>El Cabildo de Fuerteventura ha iniciado hoy una<br \/>\nambiciosa intervenci\u00f3n sobre un paisaje tradicional especialmente emblem\u00e1tico<br \/>\npara la isla, como el que constituyen las gavias y muros de piedra seca que se<br \/>\nextienden por Agua de Bueyes. La acci\u00f3n se incluye en el programa<br \/>\n\u2018Fuerteventura, bonita por naturaleza\u2019 y se desarrolla en coordinaci\u00f3n con el<br \/>\nAyuntamiento de Antigua.<\/p>\n<p>Seg\u00fan la presidenta del Cabildo de Fuerteventura,<br \/>\nLola Garc\u00eda, \u201cla actuaci\u00f3n se enmarca en la l\u00ednea de trabajo de la Corporaci\u00f3n<br \/>\ninsular por proteger nuestro territorio y nuestro paisaje, con acciones que<br \/>\npersiguen recuperar el estado original de nuestro paisaje agr\u00edcola en<br \/>\ndiferentes zonas de Fuerteventura, as\u00ed como sistemas agrarios tradicionales que<br \/>\nforman parte de la identidad majorera\u201d.<\/p>\n<p>El consejero de Obras y Maquinaria, Blas Acosta,<br \/>\nexplica que \u201cnuestros paisajes son m\u00e1s que naturaleza; hablan de tradici\u00f3n, de<br \/>\nsiglos de aprendizaje para obtener sustento sin agotar los recursos, de cultura<br \/>\ndel agua. Nuestros paisajes hablan de todo aquello que hoy define nuestra<br \/>\nidiosincrasia como majoreros\u201d.<\/p>\n<p>Los trabajos de adecentamiento y rehabilitaci\u00f3n<br \/>\nsostenible de este paisaje tradicional del municipio de Antigua, como ya se<br \/>\nhizo meses atr\u00e1s con Tiscamanita, en el municipio de Tuineje, implican a varias<br \/>\ncuadrillas especializadas en la recuperaci\u00f3n de muros de piedra seca y en el<br \/>\ndesbroce y rehabilitaci\u00f3n de gavias para cultivo.<\/p>\n<p>\u201cSon<br \/>\nestas iniciativas de este tipo las que arraigan poblaci\u00f3n al entorno rural y<br \/>\nayudan a que la actividad ganadera y agr\u00edcola contin\u00fae, lo que lleva a la<br \/>\ngeneraci\u00f3n de econom\u00eda local y al mantenimiento de usos y costumbres<br \/>\ntradicionales\u201d, a\u00f1ade.<\/p>\n<p>El proyecto Adecentamiento y Rehabilitaci\u00f3n<br \/>\nSostenible del Paisaje de Agua de Bueyes aborda la restauraci\u00f3n de gavias,<br \/>\nmuros de mamposter\u00eda en seco de las mismas y cadenas de piedra seca en laderas.<\/p>\n<p>Para la rehabilitaci\u00f3n de la zona de cultivo de las<br \/>\ngavias, se proceder\u00e1 al desbroce del interior y a su explanaci\u00f3n por medio del<br \/>\ndesplazamiento de tierras con medios mec\u00e1nicos, traslad\u00e1ndolo desde el interior<br \/>\nde la parcela hacia el exterior para reforzar su dique de tierra o trast\u00f3n. Para<br \/>\nla reposici\u00f3n de los muros de mamposter\u00eda en seco de las gavias se emplear\u00e1 la<br \/>\nmisma piedra del lugar y se colocar\u00e1 por medios manuales. Para la rehabilitaci\u00f3n<br \/>\nde cadenas (muros de mamposter\u00eda en seco deteriorados en laderas) tambi\u00e9n se<br \/>\ntrabajar\u00e1 de forma manual y con piedra del entorno. <\/p>\n<p>El encargo \u2018Fuerteventura, bonita por naturaleza\u2019<br \/>\nrealizado por el departamento que dirige Blas Acosta a su medio propio Gesti\u00f3n<br \/>\ny Planeamiento Territorial y Medioambiental (Gesplan) contempla actuaciones a<br \/>\nlargo de 15 meses, entre 2024 y 2025. Durante ambos ejercicios se invertir\u00e1n<br \/>\ncuatro millones de euros de financiaci\u00f3n propia en cerca de un centenar de<br \/>\n\u201cacciones de cercan\u00eda\u201d que inciden directamente en la conservaci\u00f3n del entorno<br \/>\nnatural, en la buena percepci\u00f3n de los visitantes y en la calidad de vida de<br \/>\nlos residentes.<\/p>\n<p><strong>Mucho m\u00e1s que un<br \/>\npaisaje<\/strong><\/p>\n<p>Fuerteventura carece de una cubierta vegetal que<br \/>\ndificulte las escorrent\u00edas. Adem\u00e1s, sufre el abandono de las zonas<br \/>\ntradicionalmente utilizadas para el cultivo. Por tanto, resulta de gran inter\u00e9s<br \/>\nmantener las ventajas que proporcionan los sistemas de gavias tradicionales y<br \/>\nel sistema de cadenas de cara a conservar la fertilidad de la tierra.<\/p>\n<p>El sistema de gavias y cadenas de Fuerteventura se<br \/>\ncaracteriza por su bajo consumo energ\u00e9tico y por el uso de tecnolog\u00edas blandas.<br \/>\nEl resultado de este sistema tradicional es una eficaz lucha contra la<br \/>\ndesertificaci\u00f3n en medios \u00e1ridos, y un ejemplo de gesti\u00f3n del agua. <\/p>\n<p>Entre sus ventajas, evita las p\u00e9rdidas de suelo,<br \/>\nincrementa las reservas de agua propiciando la infiltraci\u00f3n, disminuye los<br \/>\nriegos de erosi\u00f3n h\u00eddrica y e\u00f3lica, controla la salinidad de los suelos, sirve<br \/>\ncomo reserva ecol\u00f3gica para especies en peligro de extinci\u00f3n y aporta un<br \/>\nsingular valor tur\u00edstico a trav\u00e9s del paisaje agr\u00edcola tradicional de gavias.<\/p>\n<\/div>\n","protected":false},"excerpt":{"rendered":"<p>18 noviembre, 2025 El proyecto, en coordinaci\u00f3n con el Ayuntamiento de Antigua, se ejecuta a trav\u00e9s de \u2018Fuerteventura, bonita por naturaleza\u2019 y ata\u00f1e a muros de piedra seca, trastones y [&hellip;]<\/p>\n","protected":false},"author":1,"featured_media":14141,"comment_status":"open","ping_status":"open","sticky":false,"template":"","format":"standard","meta":{"inline_featured_image":false,"jnews-multi-image_gallery":[],"jnews_single_post":[],"jnews_primary_category":[],"jnews_social_meta":[],"jnews_override_counter":[],"jnews_post_split":[],"footnotes":""},"categories":[58],"tags":[82],"class_list":["post-14139","post","type-post","status-publish","format-standard","has-post-thumbnail","hentry","category-cabildo","tag-fuerteventura"],"jetpack_featured_media_url":"https:\/\/informacionlocal.es\/wp-content\/uploads\/2025\/11\/rehabilitacic3b3n-sostenible-agua-de-bueyes.jpeg","_links":{"self":[{"href":"https:\/\/informacionlocal.es\/it\/wp-json\/wp\/v2\/posts\/14139","targetHints":{"allow":["GET"]}}],"collection":[{"href":"https:\/\/informacionlocal.es\/it\/wp-json\/wp\/v2\/posts"}],"about":[{"href":"https:\/\/informacionlocal.es\/it\/wp-json\/wp\/v2\/types\/post"}],"author":[{"embeddable":true,"href":"https:\/\/informacionlocal.es\/it\/wp-json\/wp\/v2\/users\/1"}],"replies":[{"embeddable":true,"href":"https:\/\/informacionlocal.es\/it\/wp-json\/wp\/v2\/comments?post=14139"}],"version-history":[{"count":0,"href":"https:\/\/informacionlocal.es\/it\/wp-json\/wp\/v2\/posts\/14139\/revisions"}],"wp:featuredmedia":[{"embeddable":true,"href":"https:\/\/informacionlocal.es\/it\/wp-json\/wp\/v2\/media\/14141"}],"wp:attachment":[{"href":"https:\/\/informacionlocal.es\/it\/wp-json\/wp\/v2\/media?parent=14139"}],"wp:term":[{"taxonomy":"category","embeddable":true,"href":"https:\/\/informacionlocal.es\/it\/wp-json\/wp\/v2\/categories?post=14139"},{"taxonomy":"post_tag","embeddable":true,"href":"https:\/\/informacionlocal.es\/it\/wp-json\/wp\/v2\/tags?post=14139"}],"curies":[{"name":"wp","href":"https:\/\/api.w.org\/{rel}","templated":true}]}}