{"id":14125,"date":"2025-11-18T13:59:13","date_gmt":"2025-11-18T13:59:13","guid":{"rendered":"https:\/\/informacionlocal.es\/puerto-del-rosario-celebra-el-dia-de-la-infancia-con-tres-jornadas-dedicadas-a-la-participacion-el-juego-y-los-derechos-de-los-ninos-y-ninas\/"},"modified":"2025-11-18T13:59:13","modified_gmt":"2025-11-18T13:59:13","slug":"puerto-del-rosario-celebra-el-dia-de-la-infancia-con-tres-jornadas-dedicadas-a-la-participacion-el-juego-y-los-derechos-de-los-ninos-y-ninas","status":"publish","type":"post","link":"https:\/\/informacionlocal.es\/it\/puerto-del-rosario-celebra-el-dia-de-la-infancia-con-tres-jornadas-dedicadas-a-la-participacion-el-juego-y-los-derechos-de-los-ninos-y-ninas\/","title":{"rendered":"Puerto del Rosario celebra el D\u00eda de la Infancia con tres jornadas dedicadas a la participaci\u00f3n, el juego y los derechos de los ni\u00f1os y ni\u00f1as"},"content":{"rendered":"<div class=\"entry-content\">\n<ul>\n<li><span><strong>Acto institucional, pleno infantil y una tarde de circo y talleres dar\u00e1n forma a un programa que busca poner a la infancia en el centro<\/strong><\/span><\/li>\n<\/ul>\n<p><span><strong>En Puerto del Rosario, a 18 de noviembre de 2025.-<\/strong> El Ayuntamiento de Puerto del Rosario celebrar\u00e1 el D\u00eda de la Infancia con un programa que combina actividades l\u00fadicas, participativas y reivindicativas, con el objetivo de seguir consolidando un municipio donde los ni\u00f1os, ni\u00f1as y adolescentes tengan voz, espacio y oportunidades reales.<\/span><\/p>\n<p><span>La programaci\u00f3n comenzar\u00e1 el jueves 20 de noviembre, D\u00eda Internacional de la Infancia, con un acto institucional en el CEIP Puerto del Rosario. El alumnado del centro protagonizar\u00e1 diferentes din\u00e1micas y, adem\u00e1s, se dar\u00e1 lectura al manifiesto \u201cEl paraguas m\u00e1gico\u201d, elaborado por los propios ni\u00f1os, ni\u00f1as y adolescentes (NNA) del CAI, en el que reclaman con firmeza y frescura su derecho a la protecci\u00f3n. Un texto que, como cada a\u00f1o, refleja la mirada directa de la infancia sobre los retos que viven y lo que esperan de su entorno.<\/span><\/p>\n<p><span>Ese mismo d\u00eda por la tarde se celebrar\u00e1 el Pleno del Consejo de la Infancia y Adolescencia, que ser\u00e1 retransmitido en directo para toda la ciudadan\u00eda.<\/span><\/p>\n<p><img loading=\"lazy\" decoding=\"async\" loading=\"lazy\" class=\"size-large wp-image-157719 aligncenter\" src=\"https:\/\/informacionlocal.es\/wp-content\/uploads\/2025\/11\/pleno-noviembre-emision-en-directo-20n-1024x576-1.jpg\" width=\"1024\" height=\"576\" title=\"pleno-noviembre-emision-en-directo-20n-1024x576-1\"><\/p>\n<p><span>Durante la sesi\u00f3n se abordar\u00e1n cuestiones clave del a\u00f1o, entre ellas:<\/span><\/p>\n<ul>\n<li><span>Rendici\u00f3n de cuentas de 2025<\/span><\/li>\n<li><span>Simposium con mirada de infancia y adolescencia<\/span><\/li>\n<li><span>Proyecto participativo con la Concejal\u00eda de Turismo<\/span><\/li>\n<li><span>Actividades del 20N<\/span><\/li>\n<li><span>Participaci\u00f3n del CEIP Casillas del \u00c1ngel<\/span><\/li>\n<li><span>Ruegos y preguntas<\/span><\/li>\n<\/ul>\n<p><span>Una agenda que, como es habitual, permitir\u00e1 que los chicos y chicas expongan sus ideas, hagan propuestas y participen activamente en la toma de decisiones que afectan a su municipio.<\/span><\/p>\n<div class=\"wp-video\"><video class=\"wp-video-shortcode\" id=\"video-157717-1\" width=\"848\" height=\"478\" preload=\"metadata\" controls=\"controls\"><source type=\"video\/mp4\" src=\"https:\/\/www.puertodelrosario.org\/wp-content\/uploads\/video-dia-infancia.mp4?_=1\" \/><\/video><\/div>\n<p><span>Las actividades continuar\u00e1n el viernes 21 de noviembre, de 17:00 a 20:00 horas, en la zona de Los Pozos (C\/ Europa n\u00ba 26) con \u201cEl circo de los derechos\u201d, una tarde dise\u00f1ada para que las familias disfruten juntas. Habr\u00e1 juegos, talleres, dinamizaci\u00f3n y una merienda saludable pensada para compartir, conversar y dejar que la infancia tome el espacio p\u00fablico con alegr\u00eda.<\/span><\/p>\n<p><span>El alcalde de Puerto del Rosario, David de Vera, invita a todas las familias a sumarse a esta celebraci\u00f3n \u201cque siempre nos recuerda lo esencial, escucharles, protegerles y darles espacios reales de participaci\u00f3n. Animo a todas las familias a disfrutar de estas actividades, a acompa\u00f1ar a sus hijos e hijas y a seguir construyendo, entre todos, un Puerto del Rosario inclusivo, atento y comprometido con su infancia\u201d.<\/span><\/p>\n<p><img loading=\"lazy\" decoding=\"async\" loading=\"lazy\" class=\"size-large wp-image-157721 aligncenter\" src=\"https:\/\/informacionlocal.es\/wp-content\/uploads\/2025\/11\/infancia-3-12-683x1024-1.jpg\" width=\"683\" height=\"1024\" title=\"infancia-3-12-683x1024-1\"><\/p>\n<\/div>\n","protected":false},"excerpt":{"rendered":"<p>Acto institucional, pleno infantil y una tarde de circo y talleres dar\u00e1n forma a un programa que busca poner a la infancia en el centro En Puerto del Rosario, a [&hellip;]<\/p>\n","protected":false},"author":1,"featured_media":14127,"comment_status":"open","ping_status":"open","sticky":false,"template":"","format":"standard","meta":{"inline_featured_image":false,"jnews-multi-image_gallery":[],"jnews_single_post":[],"jnews_primary_category":[],"jnews_social_meta":[],"jnews_override_counter":[],"jnews_post_split":[],"footnotes":""},"categories":[61],"tags":[],"class_list":["post-14125","post","type-post","status-publish","format-standard","has-post-thumbnail","hentry","category-puerto-del-rosario"],"jetpack_featured_media_url":"https:\/\/informacionlocal.es\/wp-content\/uploads\/2025\/11\/dia-internacional-de-la-infancia.png","_links":{"self":[{"href":"https:\/\/informacionlocal.es\/it\/wp-json\/wp\/v2\/posts\/14125","targetHints":{"allow":["GET"]}}],"collection":[{"href":"https:\/\/informacionlocal.es\/it\/wp-json\/wp\/v2\/posts"}],"about":[{"href":"https:\/\/informacionlocal.es\/it\/wp-json\/wp\/v2\/types\/post"}],"author":[{"embeddable":true,"href":"https:\/\/informacionlocal.es\/it\/wp-json\/wp\/v2\/users\/1"}],"replies":[{"embeddable":true,"href":"https:\/\/informacionlocal.es\/it\/wp-json\/wp\/v2\/comments?post=14125"}],"version-history":[{"count":0,"href":"https:\/\/informacionlocal.es\/it\/wp-json\/wp\/v2\/posts\/14125\/revisions"}],"wp:featuredmedia":[{"embeddable":true,"href":"https:\/\/informacionlocal.es\/it\/wp-json\/wp\/v2\/media\/14127"}],"wp:attachment":[{"href":"https:\/\/informacionlocal.es\/it\/wp-json\/wp\/v2\/media?parent=14125"}],"wp:term":[{"taxonomy":"category","embeddable":true,"href":"https:\/\/informacionlocal.es\/it\/wp-json\/wp\/v2\/categories?post=14125"},{"taxonomy":"post_tag","embeddable":true,"href":"https:\/\/informacionlocal.es\/it\/wp-json\/wp\/v2\/tags?post=14125"}],"curies":[{"name":"wp","href":"https:\/\/api.w.org\/{rel}","templated":true}]}}