{"id":14119,"date":"2025-11-17T21:58:35","date_gmt":"2025-11-17T21:58:35","guid":{"rendered":"https:\/\/informacionlocal.es\/la-feria-de-agricultura-ganaderia-y-pesca-de-fuerteventura-feaga-vuelve-del-16-al-19-de-abril\/"},"modified":"2025-11-17T21:58:35","modified_gmt":"2025-11-17T21:58:35","slug":"la-feria-de-agricultura-ganaderia-y-pesca-de-fuerteventura-feaga-vuelve-del-16-al-19-de-abril","status":"publish","type":"post","link":"https:\/\/informacionlocal.es\/it\/la-feria-de-agricultura-ganaderia-y-pesca-de-fuerteventura-feaga-vuelve-del-16-al-19-de-abril\/","title":{"rendered":"La Feria de Agricultura, Ganader\u00eda y Pesca de Fuerteventura (FEAGA) vuelve del 16 al 19 de abril"},"content":{"rendered":"<div class=\"entry-content\"><strong>17 noviembre, 2025<\/strong><\/p>\n<p>La Feria de Agricultura, Ganader\u00eda y Pesca de<br \/>\nFuerteventura (FEAGA) se celebrar\u00e1 del 16 al 19 de abril de 2026, en las<br \/>\ninstalaciones de la Granja Experimental Agr\u00edcola de Pozo Negro. Un evento de<br \/>\ngran relevancia para el sector primario de Canarias y cuyos preparativos ya<br \/>\nest\u00e1n en marcha.<\/p>\n<p>La presidenta del Cabildo, Lola Garc\u00eda, y el<br \/>\nconsejero de Agricultura, Ganader\u00eda y Pesca, Mat\u00edas Pe\u00f1a, agradecen al personal<br \/>\nt\u00e9cnico del Cabildo por su dedicaci\u00f3n en la organizaci\u00f3n de esta importante<br \/>\ncita vital para el sector primario.<\/p>\n<p>Asimismo, agradecen el esfuerzo de los y las<br \/>\nprofesionales del campo y el mar majoreros, as\u00ed como empresas del sector y<br \/>\ncolectivos que hacen posible la feria, como espacio para el intercambio y<br \/>\nmuestra de lo mejor del producto local, jornadas t\u00e9cnicas, exhibiciones y<br \/>\nconcursos.<\/p>\n<\/div>\n","protected":false},"excerpt":{"rendered":"<p>17 noviembre, 2025 La Feria de Agricultura, Ganader\u00eda y Pesca de Fuerteventura (FEAGA) se celebrar\u00e1 del 16 al 19 de abril de 2026, en las instalaciones de la Granja Experimental [&hellip;]<\/p>\n","protected":false},"author":1,"featured_media":14121,"comment_status":"open","ping_status":"open","sticky":false,"template":"","format":"standard","meta":{"inline_featured_image":false,"jnews-multi-image_gallery":[],"jnews_single_post":[],"jnews_primary_category":[],"jnews_social_meta":[],"jnews_override_counter":[],"jnews_post_split":[],"footnotes":""},"categories":[58],"tags":[385,82,410],"class_list":["post-14119","post","type-post","status-publish","format-standard","has-post-thumbnail","hentry","category-cabildo","tag-agricultura","tag-fuerteventura","tag-ganaderia"],"jetpack_featured_media_url":"https:\/\/informacionlocal.es\/wp-content\/uploads\/2025\/11\/feaga.jpeg","_links":{"self":[{"href":"https:\/\/informacionlocal.es\/it\/wp-json\/wp\/v2\/posts\/14119","targetHints":{"allow":["GET"]}}],"collection":[{"href":"https:\/\/informacionlocal.es\/it\/wp-json\/wp\/v2\/posts"}],"about":[{"href":"https:\/\/informacionlocal.es\/it\/wp-json\/wp\/v2\/types\/post"}],"author":[{"embeddable":true,"href":"https:\/\/informacionlocal.es\/it\/wp-json\/wp\/v2\/users\/1"}],"replies":[{"embeddable":true,"href":"https:\/\/informacionlocal.es\/it\/wp-json\/wp\/v2\/comments?post=14119"}],"version-history":[{"count":0,"href":"https:\/\/informacionlocal.es\/it\/wp-json\/wp\/v2\/posts\/14119\/revisions"}],"wp:featuredmedia":[{"embeddable":true,"href":"https:\/\/informacionlocal.es\/it\/wp-json\/wp\/v2\/media\/14121"}],"wp:attachment":[{"href":"https:\/\/informacionlocal.es\/it\/wp-json\/wp\/v2\/media?parent=14119"}],"wp:term":[{"taxonomy":"category","embeddable":true,"href":"https:\/\/informacionlocal.es\/it\/wp-json\/wp\/v2\/categories?post=14119"},{"taxonomy":"post_tag","embeddable":true,"href":"https:\/\/informacionlocal.es\/it\/wp-json\/wp\/v2\/tags?post=14119"}],"curies":[{"name":"wp","href":"https:\/\/api.w.org\/{rel}","templated":true}]}}