{"id":14107,"date":"2025-11-17T19:58:26","date_gmt":"2025-11-17T19:58:26","guid":{"rendered":"https:\/\/informacionlocal.es\/el-festival-de-cortometrajes-de-fuerteventura-film-commission-amplia-su-plazo-de-inscripcion-hasta-el-28-de-noviembre\/"},"modified":"2025-11-17T19:58:26","modified_gmt":"2025-11-17T19:58:26","slug":"el-festival-de-cortometrajes-de-fuerteventura-film-commission-amplia-su-plazo-de-inscripcion-hasta-el-28-de-noviembre","status":"publish","type":"post","link":"https:\/\/informacionlocal.es\/it\/el-festival-de-cortometrajes-de-fuerteventura-film-commission-amplia-su-plazo-de-inscripcion-hasta-el-28-de-noviembre\/","title":{"rendered":"El Festival de Cortometrajes de Fuerteventura Film Commission ampl\u00eda su plazo de inscripci\u00f3n hasta el 28 de noviembre"},"content":{"rendered":"<div class=\"entry-content\"><strong>17 noviembre, 2025<\/strong><\/p>\n<p>Fuerteventura Film Commission ampl\u00eda hasta el 28 de noviembre el<br \/>\nplazo de inscripci\u00f3n para participar en su Festival de Cortometrajes. De esta<br \/>\nmanera, se ofrecen m\u00e1s oportunidades a los creadores y creadoras que deseen<br \/>\nparticipar en un certamen que convierte la identidad y cultura majorera en<br \/>\ncine.<\/p>\n<p>En esta edici\u00f3n, los cortometrajes deben inspirarse en la tem\u00e1tica<br \/>\nde Nuestra Se\u00f1ora de La Pe\u00f1a, pudiendo presentarse en cualquier formato, desde<br \/>\nficci\u00f3n y animaci\u00f3n hasta experimental o videocreaci\u00f3n, y sin limitaciones de<br \/>\ng\u00e9nero. Los trabajos pueden enviarse a trav\u00e9s del formulario disponible en www.aridafilms.com\/festival o por<br \/>\ncorreo electr\u00f3nico a festival@aridafilms.com.<\/p>\n<p>La consejera de Fuerteventura Film Commission, Nereida Calero, resalta<br \/>\nel valor de este festival, \u201creafirmando la apuesta que hacemos desde el Cabildo<br \/>\npor el sector audiovisual y fortalecer el tejido creativo local\u201d.<\/p>\n<p>El certamen cuenta con la colaboraci\u00f3n del cineasta majorero<br \/>\nAdri\u00e1n Tejero y su productora \u00c1rida Films, encargados de la coordinaci\u00f3n<br \/>\nt\u00e9cnica y creativa del festival, garantizando un espacio donde la imaginaci\u00f3n y<br \/>\nla innovaci\u00f3n audiovisual se encuentran. En el marco del festival, Tejero ha<br \/>\nestrenado el cortometraje <em>La promesa desnuda<\/em>, que puede verse ya en https:\/\/www.youtube.com\/watch?v=Vdx1iZt2RCI<\/p>\n<p>El jurado, formado por profesionales destacados del panorama<br \/>\naudiovisual de Fuerteventura como Miguel Letang, Pedro Estoico y el propio Adri\u00e1n<br \/>\nTejero, ser\u00e1 el encargado de seleccionar el cortometraje ganador, con un premi\u00f3<br \/>\n\u00fanico de 700 euros.<\/p>\n<\/div>\n","protected":false},"excerpt":{"rendered":"<p>17 noviembre, 2025 Fuerteventura Film Commission ampl\u00eda hasta el 28 de noviembre el plazo de inscripci\u00f3n para participar en su Festival de Cortometrajes. De esta manera, se ofrecen m\u00e1s oportunidades [&hellip;]<\/p>\n","protected":false},"author":1,"featured_media":14109,"comment_status":"open","ping_status":"open","sticky":false,"template":"","format":"standard","meta":{"inline_featured_image":false,"jnews-multi-image_gallery":[],"jnews_single_post":[],"jnews_primary_category":[],"jnews_social_meta":[],"jnews_override_counter":[],"jnews_post_split":[],"footnotes":""},"categories":[58],"tags":[82],"class_list":["post-14107","post","type-post","status-publish","format-standard","has-post-thumbnail","hentry","category-cabildo","tag-fuerteventura"],"jetpack_featured_media_url":"https:\/\/informacionlocal.es\/wp-content\/uploads\/2025\/11\/festival-cortos.jpeg","_links":{"self":[{"href":"https:\/\/informacionlocal.es\/it\/wp-json\/wp\/v2\/posts\/14107","targetHints":{"allow":["GET"]}}],"collection":[{"href":"https:\/\/informacionlocal.es\/it\/wp-json\/wp\/v2\/posts"}],"about":[{"href":"https:\/\/informacionlocal.es\/it\/wp-json\/wp\/v2\/types\/post"}],"author":[{"embeddable":true,"href":"https:\/\/informacionlocal.es\/it\/wp-json\/wp\/v2\/users\/1"}],"replies":[{"embeddable":true,"href":"https:\/\/informacionlocal.es\/it\/wp-json\/wp\/v2\/comments?post=14107"}],"version-history":[{"count":0,"href":"https:\/\/informacionlocal.es\/it\/wp-json\/wp\/v2\/posts\/14107\/revisions"}],"wp:featuredmedia":[{"embeddable":true,"href":"https:\/\/informacionlocal.es\/it\/wp-json\/wp\/v2\/media\/14109"}],"wp:attachment":[{"href":"https:\/\/informacionlocal.es\/it\/wp-json\/wp\/v2\/media?parent=14107"}],"wp:term":[{"taxonomy":"category","embeddable":true,"href":"https:\/\/informacionlocal.es\/it\/wp-json\/wp\/v2\/categories?post=14107"},{"taxonomy":"post_tag","embeddable":true,"href":"https:\/\/informacionlocal.es\/it\/wp-json\/wp\/v2\/tags?post=14107"}],"curies":[{"name":"wp","href":"https:\/\/api.w.org\/{rel}","templated":true}]}}