{"id":14101,"date":"2025-11-17T18:58:37","date_gmt":"2025-11-17T18:58:37","guid":{"rendered":"https:\/\/informacionlocal.es\/antigua-suena-comienza-con-calidad-de-voces-canarias-y-armonias-musicales-en-el-patio-canario-el-porton\/"},"modified":"2025-11-17T18:58:37","modified_gmt":"2025-11-17T18:58:37","slug":"antigua-suena-comienza-con-calidad-de-voces-canarias-y-armonias-musicales-en-el-patio-canario-el-porton","status":"publish","type":"post","link":"https:\/\/informacionlocal.es\/it\/antigua-suena-comienza-con-calidad-de-voces-canarias-y-armonias-musicales-en-el-patio-canario-el-porton\/","title":{"rendered":"Antigua Suena comienza con calidad de voces canarias y armon\u00edas musicales en el patio canario El Port\u00f3n"},"content":{"rendered":"<div class=\"elementor-widget-container\">\n<p><strong>Antigua Suena comienza con calidad de voces canarias y armon\u00edas musicales en el patio canario El Port\u00f3n<\/strong><\/p>\n<p><strong>\u2022 La segunda sesi\u00f3n, de entrada gratuita y abierta, se celebra en el patio de la Biblioteca Municipal de Antigua El Port\u00f3n, el pr\u00f3ximo s\u00e1bado 22 de noviembre a las 20:00 horas.<\/strong><\/p>\n<p>El ciclo musical Antigua Suena ofrece armon\u00edas, voces claras y composiciones de autor cada viernes o s\u00e1bado en el patio canario de la Biblioteca Municipal El Port\u00f3n en Antigua.<\/p>\n<p>Entrada libre a una cita musical de calidad en un espacio cultural y acogedor inmejorable, afirma el alcalde Mat\u00edas Pe\u00f1a, que agradece al director art\u00edstico, V\u00edctor Est\u00e1rico y al concejal de Cultura, impulsar una propuesta innovadora y en un formato completamente nuevo.<\/p>\n<p>Organizado por el Ayuntamiento de Antigua desde la concejal\u00eda de Cultura y dirigido por el conocido timplista, V\u00edctor Est\u00e1rico, el ciclo musical es un evento pionero y alternativo en un espacio cultural, cercano e \u00edntimo con solistas o d\u00faos canarios que fusionan su talento con ritmos suaves y sugerentes, afirma el concejal Jonathan Pe\u00f1a.<\/p>\n<p>La primera sesi\u00f3n con Paula G\u00f3mez y Sergio Vargas el pasado s\u00e1bado fue un \u00e9xito y un gusto para todos los asistentes, se\u00f1ala el concejal, continuando este s\u00e1bado 22 de noviembre a las 20:00 horas, con el espect\u00e1culo musical Todo un poco de nosotros.<\/p>\n<\/div>\n","protected":false},"excerpt":{"rendered":"<p><strong>Antigua Suena comienza con calidad de voces canarias y armon\u00edas musicales en el patio canario El Port\u00f3n<\/strong><\/p>\n","protected":false},"author":1,"featured_media":14103,"comment_status":"open","ping_status":"open","sticky":false,"template":"","format":"standard","meta":{"inline_featured_image":false,"jnews-multi-image_gallery":[],"jnews_single_post":[],"jnews_primary_category":[],"jnews_social_meta":[],"jnews_override_counter":[],"jnews_post_split":[],"footnotes":""},"categories":[59],"tags":[],"class_list":["post-14101","post","type-post","status-publish","format-standard","has-post-thumbnail","hentry","category-antigua"],"jetpack_featured_media_url":"https:\/\/informacionlocal.es\/wp-content\/uploads\/2025\/11\/comienza-el-ciclo-de-musica-antigua-suena-5-scaled-1.jpg","_links":{"self":[{"href":"https:\/\/informacionlocal.es\/it\/wp-json\/wp\/v2\/posts\/14101","targetHints":{"allow":["GET"]}}],"collection":[{"href":"https:\/\/informacionlocal.es\/it\/wp-json\/wp\/v2\/posts"}],"about":[{"href":"https:\/\/informacionlocal.es\/it\/wp-json\/wp\/v2\/types\/post"}],"author":[{"embeddable":true,"href":"https:\/\/informacionlocal.es\/it\/wp-json\/wp\/v2\/users\/1"}],"replies":[{"embeddable":true,"href":"https:\/\/informacionlocal.es\/it\/wp-json\/wp\/v2\/comments?post=14101"}],"version-history":[{"count":0,"href":"https:\/\/informacionlocal.es\/it\/wp-json\/wp\/v2\/posts\/14101\/revisions"}],"wp:featuredmedia":[{"embeddable":true,"href":"https:\/\/informacionlocal.es\/it\/wp-json\/wp\/v2\/media\/14103"}],"wp:attachment":[{"href":"https:\/\/informacionlocal.es\/it\/wp-json\/wp\/v2\/media?parent=14101"}],"wp:term":[{"taxonomy":"category","embeddable":true,"href":"https:\/\/informacionlocal.es\/it\/wp-json\/wp\/v2\/categories?post=14101"},{"taxonomy":"post_tag","embeddable":true,"href":"https:\/\/informacionlocal.es\/it\/wp-json\/wp\/v2\/tags?post=14101"}],"curies":[{"name":"wp","href":"https:\/\/api.w.org\/{rel}","templated":true}]}}