{"id":1402,"date":"2025-04-10T17:32:31","date_gmt":"2025-04-10T17:32:31","guid":{"rendered":"https:\/\/informacionlocal.es\/la-scuola-insulare-di-musica-apre-le-preiscrizioni-per-il-prossimo-anno-accademico\/"},"modified":"2025-04-14T10:15:02","modified_gmt":"2025-04-14T10:15:02","slug":"la-scuola-insulare-di-musica-apre-le-preiscrizioni-per-il-prossimo-anno-accademico","status":"publish","type":"post","link":"https:\/\/informacionlocal.es\/it\/la-scuola-insulare-di-musica-apre-le-preiscrizioni-per-il-prossimo-anno-accademico\/","title":{"rendered":"La Scuola Insulare di Musica apre le preiscrizioni per il prossimo anno accademico"},"content":{"rendered":"<div class=\"entry-content\"><strong>10 aprile 2025<\/strong><\/p>\n<p><strong><em>Gli interessati possono iscriversi, dal 5 al 25 maggio, attraverso i link forniti sul sito ufficiale: escuelademusica.cabildofuer.es<\/em><\/strong><\/p>\n<p>Il Cabildo de Fuerteventura, attraverso il Dipartimento di Educazione, annuncia l&#8217;apertura del periodo di pre-iscrizione per l&#8217;anno accademico 2025\/2026 della Scuola di Musica dell&#8217;Isola. Il periodo di iscrizione sar\u00e0 dal 5 al 25 maggio. Le domande possono essere effettuate attraverso i link forniti sul sito ufficiale escuelademusica.cabildofuer.es. Tutte le informazioni sull&#8217;offerta formativa, i requisiti di et\u00e0 e le spese di iscrizione sono disponibili sul sito. Come novit\u00e0, a La Oliva verr\u00e0 aperto uno spazio folcloristico e a Gran Tarajal un gruppo corale.    <\/p>\n<p>La presidente della Corporazione isolana, Lola Garc\u00eda, spiega che il centro ha sette sedi distribuite in tutta Fuerteventura con l&#8217;obiettivo di facilitare l&#8217;accesso alla formazione musicale per persone di tutte le et\u00e0 e di avvicinare la formazione musicale alle diverse localit\u00e0 dell&#8217;isola. In questo senso, sottolinea che &#8220;la Scuola di Musica dell&#8217;Isola \u00e8 un centro fondamentale per facilitare l&#8217;accesso alla formazione musicale per gli studenti di Fuerteventura e per promuovere i talenti locali&#8221;. <\/p>\n<p>In questo senso, l&#8217;Assessore all&#8217;Educazione e alla Giovent\u00f9, Adargoma Hern\u00e1ndez, incoraggia tutti gli interessati ad approfittare di questa opportunit\u00e0 per iniziare o continuare la propria formazione musicale. Sottolinea inoltre l&#8217;impegno del Cabildo per &#8220;un&#8217;ampia gamma di opportunit\u00e0 di formazione accessibili a tutti, che promuova l&#8217;interesse per la musica, cos\u00ec come la creativit\u00e0, lo sviluppo personale e l&#8217;arricchimento culturale degli studenti di Fuerteventura&#8221;. <\/p>\n<p><strong>Offerte accademiche<\/strong><\/p>\n<p>Per il prossimo anno accademico 2025\/2026, il programma della Scuola Insulare di Musica offrir\u00e0 lezioni in tre aree principali di specializzazione: musica classica, musica moderna e folklore. Queste discipline sono pensate sia per i principianti sia per chi ha gi\u00e0 esperienza, che potranno sostenere esami di profitto per accedere ai livelli superiori. <\/p>\n<p>Nell&#8217;ambito della musica classica, gli studenti possono essere formati in clarinetto, sassofono, tromba, corno, trombone, eufonio, tuba, violino, violoncello, contrabbasso, chitarra classica, timpano solista, percussioni, pianoforte, canto, linguaggio musicale e diverse formazioni corali adatte alle diverse et\u00e0. Gli interessati possono iscriversi a questa specialit\u00e0 a partire dall&#8217;et\u00e0 di otto anni, ad eccezione dei corsi di coro e di musica e movimento, che hanno criteri di et\u00e0 diversi. Inoltre, coloro che desiderano accedere a un livello diverso dal 1\u00b0 anno dell&#8217;istruzione di base possono richiedere un esame di livello.  <\/p>\n<p>L&#8217;area della musica moderna comprende la formazione in basso elettrico, chitarra elettrica, percussioni moderne, contrabbasso moderno, sassofono moderno, timpano moderno, canto moderno, pianoforte moderno, chitarra spagnola, armonia moderna e applicata e improvvisazione. L&#8217;et\u00e0 minima di ingresso per questa specialit\u00e0 \u00e8 di 10 anni, tranne che per la chitarra elettrica, che sar\u00e0 a partire dai 14 anni. <\/p>\n<p>L&#8217;area folcloristica offrir\u00e0 lezioni di bandurria, liuto, chitarra e timpano. Gli interessati potranno accedere a questa specialit\u00e0 a partire dall&#8217;et\u00e0 di sette anni, e avranno anche la possibilit\u00e0 di sostenere un esame di idoneit\u00e0 se hanno gi\u00e0 esperienza. <\/p>\n<p><strong>Formazione in loco<\/strong><\/p>\n<p>Ciascuna delle sette sedi dell&#8217;isola offrir\u00e0 un programma adattato alle esigenze e alle richieste locali. La sede di Puerto del Rosario offrir\u00e0 un&#8217;ampia gamma di attivit\u00e0, tra cui musica classica, moderna e popolare. A Casillas del \u00c1ngel si terranno lezioni di folclore, con specialit\u00e0 come bandurria, liuto, chitarra e timpano. Valles de Ortega offrir\u00e0 folklore e cori per bambini, giovani e adulti.   <\/p>\n<p>Presso la sede del Gran Tarajal, gli studenti potranno iscriversi a corsi di musica classica, come chitarra classica, pianoforte, linguaggio musicale e coro misto per coloro che hanno pi\u00f9 di 16 anni, oltre a coro infantile e giovanile per coloro che hanno tra gli 8 e i 15 anni. Ci saranno anche corsi di folclore e musica moderna, come chitarra elettrica, percussioni moderne, canto e pianoforte moderno. <\/p>\n<p>  La sede di Lajares offrir\u00e0 una formazione in musica moderna con lezioni di chitarra elettrica e percussioni moderne. A Corralejo, gli studenti potranno specializzarsi in chitarra elettrica nell&#8217;ambito della musica moderna. Infine, il centro di La Oliva offrir\u00e0 un&#8217;ampia gamma di corsi che combinano musica classica, moderna e folk.  <\/p>\n<\/div>\n","protected":false},"excerpt":{"rendered":"<p><em>Gli interessati possono iscriversi, dal 5 al 25 maggio, attraverso i link forniti sul sito ufficiale: escuelademusica.cabildofuer.es<\/em><\/p>\n","protected":false},"author":1,"featured_media":658,"comment_status":"open","ping_status":"open","sticky":false,"template":"","format":"standard","meta":{"inline_featured_image":false,"jnews-multi-image_gallery":[],"jnews_single_post":[],"jnews_primary_category":[],"jnews_social_meta":[],"jnews_override_counter":[],"jnews_post_split":[],"footnotes":""},"categories":[301],"tags":[202,224,223,235,221],"class_list":["post-1402","post","type-post","status-publish","format-standard","has-post-thumbnail","hentry","category-tuineje-it","tag-comuni","tag-cultura-e-tempo-libero","tag-fuerteventura-it","tag-inviti-a-presentare-candidature","tag-istruzione"],"jetpack_featured_media_url":"https:\/\/informacionlocal.es\/wp-content\/uploads\/2025\/04\/mc3basica.jpeg","_links":{"self":[{"href":"https:\/\/informacionlocal.es\/it\/wp-json\/wp\/v2\/posts\/1402","targetHints":{"allow":["GET"]}}],"collection":[{"href":"https:\/\/informacionlocal.es\/it\/wp-json\/wp\/v2\/posts"}],"about":[{"href":"https:\/\/informacionlocal.es\/it\/wp-json\/wp\/v2\/types\/post"}],"author":[{"embeddable":true,"href":"https:\/\/informacionlocal.es\/it\/wp-json\/wp\/v2\/users\/1"}],"replies":[{"embeddable":true,"href":"https:\/\/informacionlocal.es\/it\/wp-json\/wp\/v2\/comments?post=1402"}],"version-history":[{"count":1,"href":"https:\/\/informacionlocal.es\/it\/wp-json\/wp\/v2\/posts\/1402\/revisions"}],"predecessor-version":[{"id":1754,"href":"https:\/\/informacionlocal.es\/it\/wp-json\/wp\/v2\/posts\/1402\/revisions\/1754"}],"wp:featuredmedia":[{"embeddable":true,"href":"https:\/\/informacionlocal.es\/it\/wp-json\/wp\/v2\/media\/658"}],"wp:attachment":[{"href":"https:\/\/informacionlocal.es\/it\/wp-json\/wp\/v2\/media?parent=1402"}],"wp:term":[{"taxonomy":"category","embeddable":true,"href":"https:\/\/informacionlocal.es\/it\/wp-json\/wp\/v2\/categories?post=1402"},{"taxonomy":"post_tag","embeddable":true,"href":"https:\/\/informacionlocal.es\/it\/wp-json\/wp\/v2\/tags?post=1402"}],"curies":[{"name":"wp","href":"https:\/\/api.w.org\/{rel}","templated":true}]}}