{"id":14001,"date":"2025-11-14T15:58:23","date_gmt":"2025-11-14T15:58:23","guid":{"rendered":"https:\/\/informacionlocal.es\/la-escuela-de-musica-municipal-de-antigua-organiza-la-masterclass-sin-miedo-a-componer\/"},"modified":"2025-11-14T15:58:23","modified_gmt":"2025-11-14T15:58:23","slug":"la-escuela-de-musica-municipal-de-antigua-organiza-la-masterclass-sin-miedo-a-componer","status":"publish","type":"post","link":"https:\/\/informacionlocal.es\/it\/la-escuela-de-musica-municipal-de-antigua-organiza-la-masterclass-sin-miedo-a-componer\/","title":{"rendered":"La Escuela de M\u00fasica Municipal de Antigua organiza la masterclass Sin miedo a componer"},"content":{"rendered":"<div class=\"elementor-widget-container\">\n<p><strong>La Escuela de M\u00fasica Municipal de Antigua organiza la masterclass Sin miedo a componer<\/strong><\/p>\n<p><strong>\u2022 Entrada gratuita el pr\u00f3ximo lunes 17 de noviembre de 18:00 a 20:00 horas, en las escuelas viejas en la plaza de Antigua. <\/strong><br \/><strong>\u2022 Imparte el m\u00fasico Alberto Garc\u00eda.<\/strong><\/p>\n<p>El Ayuntamiento de Antigua desde la concejal\u00eda de Cultura y la Escuela de M\u00fasica Municipal de Antigua, EMMA, organizan la Masterclass Sin miedo a componer, dirigida por el m\u00fasico Alberto Garc\u00eda.<\/p>\n<p>El alcalde Mat\u00edas Pe\u00f1a felicita la iniciativa y el trabajo semanal y constante que desde la Escuela Municipal EMMA se viene desarrollando, que adem\u00e1s de impartir las clases en lenguaje musical y pr\u00e1cticas con m\u00e1s de una veintena de instrumentos diferentes, organiza peri\u00f3dicamente encuentros formativos y musicales como esta masterclass.<\/p>\n<p>La entrada es gratuita a todas las personas interesadas, m\u00fasicos y aficionados, que quieran adquirir recursos para componer de su propia mano canciones y melod\u00edas, afirma el concejal de \u00e1rea, Jonathan Pe\u00f1a, sin necesidad de tener experiencia previa en composici\u00f3n musical.<\/p>\n<p>La Master Class Sin miedo a componer, dirigida por Alberto Garc\u00eda, demuestra que la composici\u00f3n no es exclusiva para genios o m\u00fasicos con mucha experiencia, sino que la creatividad nace del juego y conectar con lo que uno lleva dentro y quiere o puede expresar.<\/p>\n<p>Alberto Garc\u00eda durante dos horas tratar\u00e1 sobre las historias que puede contar una canci\u00f3n, as\u00ed como de los motivos, ritmos o frases que dan belleza, sentimiento o fuerza a un tema.<\/p>\n<p>\u00a0<\/p>\n<\/div>\n","protected":false},"excerpt":{"rendered":"<p><strong>La Escuela de M\u00fasica Municipal de Antigua organiza la masterclass Sin miedo a componer<\/strong><\/p>\n","protected":false},"author":1,"featured_media":14003,"comment_status":"open","ping_status":"open","sticky":false,"template":"","format":"standard","meta":{"inline_featured_image":false,"jnews-multi-image_gallery":[],"jnews_single_post":[],"jnews_primary_category":[],"jnews_social_meta":[],"jnews_override_counter":[],"jnews_post_split":[],"footnotes":""},"categories":[59],"tags":[],"class_list":["post-14001","post","type-post","status-publish","format-standard","has-post-thumbnail","hentry","category-antigua"],"jetpack_featured_media_url":"https:\/\/informacionlocal.es\/wp-content\/uploads\/2025\/11\/masterclass.jpeg","_links":{"self":[{"href":"https:\/\/informacionlocal.es\/it\/wp-json\/wp\/v2\/posts\/14001","targetHints":{"allow":["GET"]}}],"collection":[{"href":"https:\/\/informacionlocal.es\/it\/wp-json\/wp\/v2\/posts"}],"about":[{"href":"https:\/\/informacionlocal.es\/it\/wp-json\/wp\/v2\/types\/post"}],"author":[{"embeddable":true,"href":"https:\/\/informacionlocal.es\/it\/wp-json\/wp\/v2\/users\/1"}],"replies":[{"embeddable":true,"href":"https:\/\/informacionlocal.es\/it\/wp-json\/wp\/v2\/comments?post=14001"}],"version-history":[{"count":0,"href":"https:\/\/informacionlocal.es\/it\/wp-json\/wp\/v2\/posts\/14001\/revisions"}],"wp:featuredmedia":[{"embeddable":true,"href":"https:\/\/informacionlocal.es\/it\/wp-json\/wp\/v2\/media\/14003"}],"wp:attachment":[{"href":"https:\/\/informacionlocal.es\/it\/wp-json\/wp\/v2\/media?parent=14001"}],"wp:term":[{"taxonomy":"category","embeddable":true,"href":"https:\/\/informacionlocal.es\/it\/wp-json\/wp\/v2\/categories?post=14001"},{"taxonomy":"post_tag","embeddable":true,"href":"https:\/\/informacionlocal.es\/it\/wp-json\/wp\/v2\/tags?post=14001"}],"curies":[{"name":"wp","href":"https:\/\/api.w.org\/{rel}","templated":true}]}}