{"id":13995,"date":"2025-11-14T14:58:26","date_gmt":"2025-11-14T14:58:26","guid":{"rendered":"https:\/\/informacionlocal.es\/cisco-garcia-inicia-las-iv-jornadas-de-accesibilidad-con-una-charla-motivacional\/"},"modified":"2025-11-14T14:58:26","modified_gmt":"2025-11-14T14:58:26","slug":"cisco-garcia-inicia-las-iv-jornadas-de-accesibilidad-con-una-charla-motivacional","status":"publish","type":"post","link":"https:\/\/informacionlocal.es\/it\/cisco-garcia-inicia-las-iv-jornadas-de-accesibilidad-con-una-charla-motivacional\/","title":{"rendered":"Cisco Garc\u00eda inicia las IV Jornadas de Accesibilidad con una charla motivacional\ufeff"},"content":{"rendered":"<div class=\"entry-content\"><strong>14 noviembre, 2025<\/strong><\/p>\n<p><strong><em>Las jornadas se desarrollan los d\u00edas 14 y 15 de noviembre con<br \/>\nponencias, mesas redondas y rutas de senderismo adaptado<\/em><\/strong><\/p>\n<p>Las IV Jornadas de Accesibilidad de<br \/>\nFuerteventura dieron comienzo hoy con la ponencia inaugural a cargo de Cisco<br \/>\nGarc\u00eda, atleta de \u00e9lite que, tras un accidente de snowboard, decidi\u00f3<br \/>\nreinventarse y centrarse en el deporte adaptado. Desde entonces ha alcanzado el<br \/>\ntop 4 del ranking nacional de tenis y ha logrado reconocimientos como el bronce<br \/>\nen los Paraeuropeos y el subcampeonato mundial por elecciones. <\/p>\n<p>Cisco Garc\u00eda ofreci\u00f3 su discurso de<br \/>\nsuperaci\u00f3n, que logr\u00f3 emocionar a los presentes. En sus conferencias, Cisco<br \/>\ninspira a otros a superar adversidades y alcanzar su potencial, explorando<br \/>\ntemas como la motivaci\u00f3n, la resiliencia y la adaptaci\u00f3n al cambio. El<br \/>\ndeportista comparti\u00f3 las claves mentales y f\u00edsicas que exige el alto<br \/>\nrendimiento en entornos de m\u00e1xima competitividad.<\/p>\n<p>El atleta Cisco Garc\u00eda, agradeci\u00f3 eventos como<br \/>\neste porque \u201ccon \u00e9l se est\u00e1 concienciando la labor de todas las asociaciones,<br \/>\ninstituciones y la sociedad en general que desembocan en la normalizaci\u00f3n. En<br \/>\nla actualidad, las redes sociales son un punto a favor porque, a trav\u00e9s de<br \/>\nellas, podemos contar nuestras historias y de esta manera conseguir mayor<br \/>\nvisibilidad\u201d.<\/p>\n<p>La Consejer\u00eda de Accesibilidad del Cabildo de<br \/>\nFuerteventura organiza las IV Jornadas de Accesibilidad, que se celebran en el<br \/>\nPalacio de Formaci\u00f3n y Congresos los d\u00edas 14 y 15 de noviembre. La presidenta<br \/>\ninsular, Lola Garc\u00eda, dio la bienvenida \u201ca unas jornadas muy importantes para<br \/>\nel \u00e1mbito de la inclusividad en Fuerteventura, y que se han consolidado como<br \/>\nuna propuesta firma por la accesibilidad universal en la Isla\u201d. \u201cEs importante<br \/>\ntener una Fuerteventura en la que todas las personas puedan desarrollarse de<br \/>\nmanera aut\u00f3noma y disfrutar del entorno y espacios p\u00fablicos en igualdad\u201d.<\/p>\n<p>La consejera de Accesibilidad, Carmen Alonso,<br \/>\nexplic\u00f3 que \u201cestas jornadas son un foro de intercambio de experiencias y, sobre<br \/>\ntodo, un lugar de encuentro para todas las personas que trabajan por la<br \/>\naccesibilidad\u201d. \u201cQueremos invitar a la reflexi\u00f3n con ponencias motivadoras,<br \/>\nmesas redondas de diferentes tem\u00e1ticas y, por supuesto, fomentando la actividad<br \/>\ndeportiva y al aire libre inclusivas\u201d.<\/p>\n<p>El alcalde de Puerto del Rosario, David de<br \/>\nVera, se\u00f1al\u00f3 que \u201cla celebraci\u00f3n de este evento da pie a una mayor formaci\u00f3n que<br \/>\ndesemboca en una infraestructura m\u00e1s acogedora y accesible. Adem\u00e1s, desde el<br \/>\nAyuntamiento de Puerto del Rosario se est\u00e1n desarrollando obras de cara a mejorar<br \/>\nla accesibilidad y as\u00ed facilitar la movilidad dentro del municipio, pero a\u00fan<br \/>\nqueda mucho por avanzar\u201d.<\/p>\n<p>Durante la ma\u00f1ana del viernes, se desarroll\u00f3,<br \/>\nadem\u00e1s, una mesa redonda centradas en historias que impulsan la inclusi\u00f3n,<br \/>\ncontando con el pirag\u00fcista de alto rendimiento y embajador majorero de la<br \/>\ninclusi\u00f3n, Axel Celmanti, la logopeda In\u00e9s Rodr\u00edguez, la integradora social y<br \/>\ncoach motivacional Naiara Arteaga y la consejera Carmen Alonso.<\/p>\n<p>In\u00e9s Rodr\u00edguez, que adem\u00e1s de logopeda es<br \/>\nc\u00f3mica e influencer, con par\u00e1lisis cerebral, se encarg\u00f3 de dar la segunda<br \/>\nponencia con su particular estilo directo y divertido. <\/p>\n<p>Rodr\u00edguez es reconocida por visibilizar la<br \/>\ndiscapacidad a trav\u00e9s del humor en plataformas como TikTok y su colaboraci\u00f3n en<br \/>\nel programa de televisi\u00f3n <em>El Intermedio<\/em>. Como referente en inclusividad,<br \/>\nutiliza su experiencia para normalizar la discapacidad, desmantelar<br \/>\nestereotipos y promover una mayor inclusi\u00f3n social y laboral.<\/p>\n<p>Asimismo, tuvo lugar una segunda mesa redonde<br \/>\nsobre deporte inclusivo, con la participaci\u00f3n de Vulcano Trekking, Riga GYM,<br \/>\nONG Paz desde el deporte, Innsurff y Jorge David Fragiel como usuario de boxeo<br \/>\nadaptado.<\/p>\n<p>La programaci\u00f3n puede consultarse en www.fuerteventuraaccesible.com. Incluyen formaci\u00f3n te\u00f3rico pr\u00e1ctica en el uso de sillas Joelette, de<br \/>\nla mano de CD Fuertetrail y de la Asociaci\u00f3n Senderos sin barreras, as\u00ed como<br \/>\nrutas de senderismo y una ruta guiada por Vulcano Trekking. Las actividades<br \/>\ncuentan con la implicaci\u00f3n de alumnado de enfermer\u00eda de la ULPGC y del ciclo de<br \/>\nEmergencias Sanitarias del CIFP Majada Marcial.<\/p>\n<\/div>\n","protected":false},"excerpt":{"rendered":"<p>14 noviembre, 2025 Las jornadas se desarrollan los d\u00edas 14 y 15 de noviembre con ponencias, mesas redondas y rutas de senderismo adaptado Las IV Jornadas de Accesibilidad de Fuerteventura [&hellip;]<\/p>\n","protected":false},"author":1,"featured_media":13997,"comment_status":"open","ping_status":"open","sticky":false,"template":"","format":"standard","meta":{"inline_featured_image":false,"jnews-multi-image_gallery":[],"jnews_single_post":[],"jnews_primary_category":[],"jnews_social_meta":[],"jnews_override_counter":[],"jnews_post_split":[],"footnotes":""},"categories":[58],"tags":[69,82],"class_list":["post-13995","post","type-post","status-publish","format-standard","has-post-thumbnail","hentry","category-cabildo","tag-eventos","tag-fuerteventura"],"jetpack_featured_media_url":"https:\/\/informacionlocal.es\/wp-content\/uploads\/2025\/11\/1763116129-cf7ee667ce4e8cb58122cbaeb17f67b4.jpg","_links":{"self":[{"href":"https:\/\/informacionlocal.es\/it\/wp-json\/wp\/v2\/posts\/13995","targetHints":{"allow":["GET"]}}],"collection":[{"href":"https:\/\/informacionlocal.es\/it\/wp-json\/wp\/v2\/posts"}],"about":[{"href":"https:\/\/informacionlocal.es\/it\/wp-json\/wp\/v2\/types\/post"}],"author":[{"embeddable":true,"href":"https:\/\/informacionlocal.es\/it\/wp-json\/wp\/v2\/users\/1"}],"replies":[{"embeddable":true,"href":"https:\/\/informacionlocal.es\/it\/wp-json\/wp\/v2\/comments?post=13995"}],"version-history":[{"count":0,"href":"https:\/\/informacionlocal.es\/it\/wp-json\/wp\/v2\/posts\/13995\/revisions"}],"wp:featuredmedia":[{"embeddable":true,"href":"https:\/\/informacionlocal.es\/it\/wp-json\/wp\/v2\/media\/13997"}],"wp:attachment":[{"href":"https:\/\/informacionlocal.es\/it\/wp-json\/wp\/v2\/media?parent=13995"}],"wp:term":[{"taxonomy":"category","embeddable":true,"href":"https:\/\/informacionlocal.es\/it\/wp-json\/wp\/v2\/categories?post=13995"},{"taxonomy":"post_tag","embeddable":true,"href":"https:\/\/informacionlocal.es\/it\/wp-json\/wp\/v2\/tags?post=13995"}],"curies":[{"name":"wp","href":"https:\/\/api.w.org\/{rel}","templated":true}]}}