{"id":13961,"date":"2025-11-13T22:58:34","date_gmt":"2025-11-13T22:58:34","guid":{"rendered":"https:\/\/informacionlocal.es\/antigua-celebra-este-fin-de-semana-el-quinto-aniversario-del-encuentro-y-venta-de-artesania\/"},"modified":"2025-11-13T22:58:34","modified_gmt":"2025-11-13T22:58:34","slug":"antigua-celebra-este-fin-de-semana-el-quinto-aniversario-del-encuentro-y-venta-de-artesania","status":"publish","type":"post","link":"https:\/\/informacionlocal.es\/it\/antigua-celebra-este-fin-de-semana-el-quinto-aniversario-del-encuentro-y-venta-de-artesania\/","title":{"rendered":"Antigua celebra este fin de semana el quinto aniversario del Encuentro y Venta de Artesan\u00eda"},"content":{"rendered":"<div class=\"elementor-widget-container\">\n<div class=\"wp-video\"><video class=\"wp-video-shortcode\" id=\"video-9500-1\" width=\"800\" height=\"446\" preload=\"metadata\" controls=\"controls\"><source type=\"video\/mp4\" src=\"https:\/\/ayto-antigua.es\/wp-content\/uploads\/2025\/11\/Encuentro-y-Venta-de-Artesania-Fuerteventura-2025-1.mp4?_=1\" \/><\/video><\/div>\n<p><strong>\u2022 Una treintena de artesanos y artesanas de oficio ofrecen la posibilidad de regalar artesan\u00eda por Navidad este s\u00e1bado 15 y domingo 16 de noviembre en la Plaza de Antigua, desde las 10:00 horas y hasta las 20:00 y 19:00 horas, respectivamente. <\/strong><br \/><strong>\u2022 Adem\u00e1s de los mejores trabajos artesanos podr\u00e1 disfrutarse de Conciertos musicales y Talleres de Artesan\u00eda para toda la familia.<\/strong><\/p>\n<p>El Encuentro y Venta de Artesan\u00eda cumple cinco a\u00f1os desde que naciera para respaldar el sector de la artesan\u00eda en Fuerteventura, impulsando su econom\u00eda tras pasar la pandemia, afirma el alcalde de Antigua, Mat\u00edas Pe\u00f1a Garc\u00eda.<\/p>\n<p>Un Encuentro y Venta de Artesan\u00eda organizado por el Ayuntamiento de Antigua desde la concejal\u00eda de Cultura y la Fundaci\u00f3n Colectivo Mafasca para apoyar a los artesanos y artesanas de oficio, su econom\u00eda y ventas en d\u00edas previos a la Navidad.<\/p>\n<p>Regalar Artesan\u00eda por Navidad es una apuesta segura de acertar en el presente a una persona cercana y querida, sorprendiendo con un objeto artesanal, elaborado con materia prima noble, que huelen a cuero, a barro, a madera, o permiten el tacto de la seda, o disfrutar los dise\u00f1os de un calado, el brillo de joyas en plata, perfumes naturales, mu\u00f1ecas tradicionales de trapo, cestas y sombreros de palma, alfarer\u00eda de g\u00e1nigos o bernegales y un sinf\u00edn de trabajos, que pueden ser todos magn\u00edficos y valiosos regalos por ser \u00fanicos, afirma el concejal de \u00e1rea, Jonathan Pe\u00f1a.<\/p>\n<p>La programaci\u00f3n del V Encuentro y Venta de Artesan\u00eda ofrece adem\u00e1s actuaciones y conciertos, y detalla el concejal, el s\u00e1bado a las 11:30 horas Tributo a la Nueva Trova, seguido de la Banda El Cuco y por la tarde a las 17:30 horas, Susurros Latinoamericanos por la parranda de Vitolo.<\/p>\n<p>El domingo a las 11:30 horas, Parranda de Son de Anta\u00f1o, seguido de Encuentro de Solistas y por la tarde a las 16:30 horas, la Parranda La Polvajera, y concluye Jonathan Pe\u00f1a, sin duda, un fin de semana para disfrutar de artesan\u00eda y m\u00fasica canaria en la plaza de Antigua.<\/p>\n<p>\u00a0<\/p>\n<\/div>\n","protected":false},"excerpt":{"rendered":"<p>\u2022 Una treintena de artesanos y artesanas de oficio ofrecen la posibilidad de regalar artesan\u00eda por Navidad este s\u00e1bado 15 y domingo 16 de noviembre en la Plaza de Antigua, [&hellip;]<\/p>\n","protected":false},"author":1,"featured_media":13963,"comment_status":"open","ping_status":"open","sticky":false,"template":"","format":"standard","meta":{"inline_featured_image":false,"jnews-multi-image_gallery":[],"jnews_single_post":[],"jnews_primary_category":[],"jnews_social_meta":[],"jnews_override_counter":[],"jnews_post_split":[],"footnotes":""},"categories":[59],"tags":[82],"class_list":["post-13961","post","type-post","status-publish","format-standard","has-post-thumbnail","hentry","category-antigua","tag-fuerteventura"],"jetpack_featured_media_url":"https:\/\/informacionlocal.es\/wp-content\/uploads\/2025\/11\/cartelartesane2949cc2a1aprogramacion2025-ime2949cigenes-0-scaled-1.jpg","_links":{"self":[{"href":"https:\/\/informacionlocal.es\/it\/wp-json\/wp\/v2\/posts\/13961","targetHints":{"allow":["GET"]}}],"collection":[{"href":"https:\/\/informacionlocal.es\/it\/wp-json\/wp\/v2\/posts"}],"about":[{"href":"https:\/\/informacionlocal.es\/it\/wp-json\/wp\/v2\/types\/post"}],"author":[{"embeddable":true,"href":"https:\/\/informacionlocal.es\/it\/wp-json\/wp\/v2\/users\/1"}],"replies":[{"embeddable":true,"href":"https:\/\/informacionlocal.es\/it\/wp-json\/wp\/v2\/comments?post=13961"}],"version-history":[{"count":0,"href":"https:\/\/informacionlocal.es\/it\/wp-json\/wp\/v2\/posts\/13961\/revisions"}],"wp:featuredmedia":[{"embeddable":true,"href":"https:\/\/informacionlocal.es\/it\/wp-json\/wp\/v2\/media\/13963"}],"wp:attachment":[{"href":"https:\/\/informacionlocal.es\/it\/wp-json\/wp\/v2\/media?parent=13961"}],"wp:term":[{"taxonomy":"category","embeddable":true,"href":"https:\/\/informacionlocal.es\/it\/wp-json\/wp\/v2\/categories?post=13961"},{"taxonomy":"post_tag","embeddable":true,"href":"https:\/\/informacionlocal.es\/it\/wp-json\/wp\/v2\/tags?post=13961"}],"curies":[{"name":"wp","href":"https:\/\/api.w.org\/{rel}","templated":true}]}}