{"id":1396,"date":"2025-04-10T17:36:33","date_gmt":"2025-04-10T17:36:33","guid":{"rendered":"https:\/\/informacionlocal.es\/betancuria-segnala-a-sicurezza-ed-emergenze-labbandono-delle-gole-nel-comune\/"},"modified":"2025-04-14T10:16:28","modified_gmt":"2025-04-14T10:16:28","slug":"betancuria-segnala-a-sicurezza-ed-emergenze-labbandono-delle-gole-nel-comune","status":"publish","type":"post","link":"https:\/\/informacionlocal.es\/it\/betancuria-segnala-a-sicurezza-ed-emergenze-labbandono-delle-gole-nel-comune\/","title":{"rendered":"Betancuria segnala a Sicurezza ed Emergenze l&#8217;abbandono delle gole nel comune."},"content":{"rendered":"<div class=\"inner-box\">\n<figure class=\"image-box\"><img fetchpriority=\"high\" decoding=\"async\" width=\"730\" height=\"500\" src=\"https:\/\/informacionlocal.es\/wp-content\/uploads\/2025\/04\/whatsapp-image-2024-11-27-at-18-15-35-730x500-2.jpeg\" class=\"attachment-whitehall_730x500 size-whitehall_730x500 wp-post-image\" title=\"whatsapp-image-2024-11-27-at-18-15-35-730x500-2\"><\/figure>\n<div class=\"post-date\">\n<h3>27novembre<span>&#8217;24<\/span><\/h3>\n<\/div>\n<div class=\"lower-content\">\n<div class=\"category\">Notizie, Annunci<\/div>\n<ul class=\"post-info clearfix\">\n<li>Stampa<\/li>\n<li>0 Commenti<\/li>\n<\/ul>\n<\/div>\n<p>Il sindaco di Betancuria, Enrique Cerde\u00f1a M\u00e9ndez, ha trasmesso ai servizi di sicurezza e di emergenza insulari e regionali un rapporto ricevuto dalla polizia locale del comune. Il rapporto evidenzia, ancora una volta, l&#8217;ostruzione di alcuni tratti di diversi burroni del comune, causata dall&#8217;incuria nella loro pulizia e manutenzione. <\/p>\n<p>Inoltre, non si tratta di una novit\u00e0, ed \u00e8 gi\u00e0 stata segnalata in diverse occasioni, e su richiesta di diversi vicini, sia al Consiglio idrico dell&#8217;isola che ai dipartimenti Ambiente e Sicurezza ed Emergenze del Consiglio dell&#8217;isola, visto l&#8217;evidente rischio in caso di piogge torrenziali.<\/p>\n<p>In questa occasione, la notizia \u00e8 stata trasmessa anche al Ministro della Sicurezza e delle Emergenze del Governo delle Isole Canarie, Manuel Miranda, affinch\u00e9 ne sia a conoscenza e possa intraprendere le opportune azioni preventive.<\/p>\n<\/div>\n","protected":false},"excerpt":{"rendered":"<p>27novembre&#8217;24 Notizie, Annunci Stampa 0 Commenti Il sindaco di Betancuria, Enrique Cerde\u00f1a M\u00e9ndez, ha trasmesso ai servizi di sicurezza e di emergenza insulari e regionali un rapporto ricevuto dalla polizia [&hellip;]<\/p>\n","protected":false},"author":1,"featured_media":661,"comment_status":"open","ping_status":"open","sticky":false,"template":"","format":"standard","meta":{"inline_featured_image":false,"jnews-multi-image_gallery":[],"jnews_single_post":[],"jnews_primary_category":[],"jnews_social_meta":[],"jnews_override_counter":[],"jnews_post_split":[],"footnotes":""},"categories":[286],"tags":[205,202,225,203],"class_list":["post-1396","post","type-post","status-publish","format-standard","has-post-thumbnail","hentry","category-betancuria-it","tag-ambiente","tag-comuni","tag-regolamenti","tag-servizi-pubblici"],"jetpack_featured_media_url":"https:\/\/informacionlocal.es\/wp-content\/uploads\/2025\/04\/whatsapp-image-2024-11-27-at-18-15-35-730x500-1.jpeg","_links":{"self":[{"href":"https:\/\/informacionlocal.es\/it\/wp-json\/wp\/v2\/posts\/1396","targetHints":{"allow":["GET"]}}],"collection":[{"href":"https:\/\/informacionlocal.es\/it\/wp-json\/wp\/v2\/posts"}],"about":[{"href":"https:\/\/informacionlocal.es\/it\/wp-json\/wp\/v2\/types\/post"}],"author":[{"embeddable":true,"href":"https:\/\/informacionlocal.es\/it\/wp-json\/wp\/v2\/users\/1"}],"replies":[{"embeddable":true,"href":"https:\/\/informacionlocal.es\/it\/wp-json\/wp\/v2\/comments?post=1396"}],"version-history":[{"count":1,"href":"https:\/\/informacionlocal.es\/it\/wp-json\/wp\/v2\/posts\/1396\/revisions"}],"predecessor-version":[{"id":1788,"href":"https:\/\/informacionlocal.es\/it\/wp-json\/wp\/v2\/posts\/1396\/revisions\/1788"}],"wp:featuredmedia":[{"embeddable":true,"href":"https:\/\/informacionlocal.es\/it\/wp-json\/wp\/v2\/media\/661"}],"wp:attachment":[{"href":"https:\/\/informacionlocal.es\/it\/wp-json\/wp\/v2\/media?parent=1396"}],"wp:term":[{"taxonomy":"category","embeddable":true,"href":"https:\/\/informacionlocal.es\/it\/wp-json\/wp\/v2\/categories?post=1396"},{"taxonomy":"post_tag","embeddable":true,"href":"https:\/\/informacionlocal.es\/it\/wp-json\/wp\/v2\/tags?post=1396"}],"curies":[{"name":"wp","href":"https:\/\/api.w.org\/{rel}","templated":true}]}}