{"id":13943,"date":"2025-11-13T19:58:40","date_gmt":"2025-11-13T19:58:40","guid":{"rendered":"https:\/\/informacionlocal.es\/antigua-felicita-al-maestro-pepe-melian-que-tras-la-recopilacion-y-proyeccion-de-sus-trabajos-en-el-municipio-logra-que-sean-tambien-puestos-en-valor-a-nivel-insular\/"},"modified":"2025-11-13T19:58:40","modified_gmt":"2025-11-13T19:58:40","slug":"antigua-felicita-al-maestro-pepe-melian-que-tras-la-recopilacion-y-proyeccion-de-sus-trabajos-en-el-municipio-logra-que-sean-tambien-puestos-en-valor-a-nivel-insular","status":"publish","type":"post","link":"https:\/\/informacionlocal.es\/it\/antigua-felicita-al-maestro-pepe-melian-que-tras-la-recopilacion-y-proyeccion-de-sus-trabajos-en-el-municipio-logra-que-sean-tambien-puestos-en-valor-a-nivel-insular\/","title":{"rendered":"Antigua felicita al maestro Pepe Melian que tras la recopilaci\u00f3n y proyecci\u00f3n de sus trabajos en el Municipio logra que sean tambi\u00e9n puestos en valor a nivel insular"},"content":{"rendered":"<div class=\"elementor-widget-container\">\n<p><strong>Antigua felicita al maestro Pepe Melian que tras la recopilaci\u00f3n y proyecci\u00f3n de sus trabajos en el Municipio logra que sean tambi\u00e9n puestos en valor a nivel insular<\/strong><\/p>\n<p><strong>El alcalde, Mat\u00edas Pe\u00f1a y la concejala de Patrimonio Hist\u00f3rico, Sandra Torres, destacan la importancia de poner en valor el trabajo del artesano en toda la isla, como ya se hiciera en el Municipio de Antigua.<\/strong><\/p>\n<p>Tras el impulso dado desde Antigua el artesano Pepe Meli\u00e1n encuentra respuesta en la recopilaci\u00f3n y edici\u00f3n de un nuevo video que pone en valor sus trabajos y dise\u00f1os en toda la isla.<\/p>\n<p>En la proyecci\u00f3n del v\u00eddeo que pon\u00eda en valor mis trabajos y dise\u00f1os en el municipio, editado y proyectado por el Ayuntamiento de Antigua desde la concejal\u00eda de Patrimonio Hist\u00f3rico, se\u00f1ala el artesano, Pepe Meli\u00e1n, solicit\u00e9 entonces a viva voz mi petici\u00f3n repetida de recopilar mi trayectoria en toda la isla, y parece que me escucharon, porque es ahora que desde la instituci\u00f3n insular estamos trabajando, visitando y dejando registrado los trabajos extendidos por toda Fuerteventura.<\/p>\n<\/div>\n","protected":false},"excerpt":{"rendered":"<p><strong>Antigua felicita al maestro Pepe Melian que tras la recopilaci\u00f3n y proyecci\u00f3n de sus trabajos en el Municipio logra que sean tambi\u00e9n puestos en valor a nivel insular<\/strong><\/p>\n","protected":false},"author":1,"featured_media":13945,"comment_status":"open","ping_status":"open","sticky":false,"template":"","format":"standard","meta":{"inline_featured_image":false,"jnews-multi-image_gallery":[],"jnews_single_post":[],"jnews_primary_category":[],"jnews_social_meta":[],"jnews_override_counter":[],"jnews_post_split":[],"footnotes":""},"categories":[59],"tags":[82],"class_list":["post-13943","post","type-post","status-publish","format-standard","has-post-thumbnail","hentry","category-antigua","tag-fuerteventura"],"jetpack_featured_media_url":"https:\/\/informacionlocal.es\/wp-content\/uploads\/2025\/11\/tras-el-impulso-dado-en-antigua-el-artesano-pepep-melian-trabaja-en-una-recopilacion-insular-2-scaled-1.jpg","_links":{"self":[{"href":"https:\/\/informacionlocal.es\/it\/wp-json\/wp\/v2\/posts\/13943","targetHints":{"allow":["GET"]}}],"collection":[{"href":"https:\/\/informacionlocal.es\/it\/wp-json\/wp\/v2\/posts"}],"about":[{"href":"https:\/\/informacionlocal.es\/it\/wp-json\/wp\/v2\/types\/post"}],"author":[{"embeddable":true,"href":"https:\/\/informacionlocal.es\/it\/wp-json\/wp\/v2\/users\/1"}],"replies":[{"embeddable":true,"href":"https:\/\/informacionlocal.es\/it\/wp-json\/wp\/v2\/comments?post=13943"}],"version-history":[{"count":0,"href":"https:\/\/informacionlocal.es\/it\/wp-json\/wp\/v2\/posts\/13943\/revisions"}],"wp:featuredmedia":[{"embeddable":true,"href":"https:\/\/informacionlocal.es\/it\/wp-json\/wp\/v2\/media\/13945"}],"wp:attachment":[{"href":"https:\/\/informacionlocal.es\/it\/wp-json\/wp\/v2\/media?parent=13943"}],"wp:term":[{"taxonomy":"category","embeddable":true,"href":"https:\/\/informacionlocal.es\/it\/wp-json\/wp\/v2\/categories?post=13943"},{"taxonomy":"post_tag","embeddable":true,"href":"https:\/\/informacionlocal.es\/it\/wp-json\/wp\/v2\/tags?post=13943"}],"curies":[{"name":"wp","href":"https:\/\/api.w.org\/{rel}","templated":true}]}}