{"id":13937,"date":"2025-11-13T19:00:38","date_gmt":"2025-11-13T19:00:38","guid":{"rendered":"https:\/\/informacionlocal.es\/el-cabildo-organiza-una-jornada-para-prevenir-el-bullying-con-motivo-del-dia-internacional-de-los-derechos-de-la-infancia\/"},"modified":"2025-11-13T19:00:38","modified_gmt":"2025-11-13T19:00:38","slug":"el-cabildo-organiza-una-jornada-para-prevenir-el-bullying-con-motivo-del-dia-internacional-de-los-derechos-de-la-infancia","status":"publish","type":"post","link":"https:\/\/informacionlocal.es\/it\/el-cabildo-organiza-una-jornada-para-prevenir-el-bullying-con-motivo-del-dia-internacional-de-los-derechos-de-la-infancia\/","title":{"rendered":"\ufeffEl Cabildo organiza una jornada para prevenir el bullying con motivo del D\u00eda Internacional de los Derechos de la Infancia"},"content":{"rendered":"<div class=\"entry-content\"><strong>13 noviembre, 2025<\/strong><\/p>\n<p><strong>Jueves, 13 de noviembre de 2025.-<\/strong><\/p>\n<p>El Cabildo de Fuerteventura, a trav\u00e9s del Servicio Insular de Infancia de la Consejer\u00eda de Acci\u00f3n Social, Diversidad, LGTBIQ+, Participaci\u00f3n Ciudadana y Gobierno Abierto, organiza la jornada \u2018Estrategias activas para prevenir el bullying en Fuerteventura\u2019, en colaboraci\u00f3n con la empresa OXIA, responsable del diagn\u00f3stico y del Plan Insular de Infancia y Adolescencia recientemente aprobado.<\/p>\n<p>La jornada se celebrar\u00e1 el 28 de noviembre de 2025, de 10:00 a 13:30 horas, en el sal\u00f3n de actos del Centro Insular de Juventud, en Puerto del Rosario.<\/p>\n<p>La iniciativa se enmarca dentro de las acciones previstas con<br \/>\nmotivo del D\u00eda Internacional de los Derechos de la Infancia, que se conmemora<br \/>\nel 20 de noviembre. Su objetivo es ofrecer una respuesta formativa y<br \/>\ncomunitaria ante una realidad social y educativa que afecta directamente al<br \/>\nbienestar y desarrollo de la infancia y la adolescencia en la Isla.<\/p>\n<p>El acoso escolar, identificado como uno de los principales problemas psicosociales en el diagn\u00f3stico previo al nuevo Plan Insular, requiere reforzar las competencias preventivas y la gesti\u00f3n de conflictos en los entornos educativos. <\/p>\n<p>La jornada busca, por tanto, impulsar estrategias activas de prevenci\u00f3n, especialmente adaptadas a las caracter\u00edsticas de Fuerteventura, marcada por la dispersi\u00f3n geogr\u00e1fica de sus centros y la necesidad de una mayor coordinaci\u00f3n entre familias, colegios y servicios sociales.<\/p>\n<p><a>La presidenta del Cabildo, Lola Garc\u00eda, puso en valor la importancia de<\/a>esta jornada que significa \u201cun paso m\u00e1s en el compromiso del Cabildo por garantizar entornos seguros y protectores para nuestra infancia en nuestra isla\u201d.<\/p>\n<p> Por su parte, el consejero de Acci\u00f3n Social, V\u00edctor Alonso, se\u00f1al\u00f3 que \u201cla <br \/> prevenci\u00f3n del acoso escolar debe abordarse desde una perspectiva integral, que implique a toda la comunidad educativa y social de Fuerteventura\u201d.<\/p>\n<\/div>\n","protected":false},"excerpt":{"rendered":"<p>13 noviembre, 2025 Jueves, 13 de noviembre de 2025.- El Cabildo de Fuerteventura, a trav\u00e9s del Servicio Insular de Infancia de la Consejer\u00eda de Acci\u00f3n Social, Diversidad, LGTBIQ+, Participaci\u00f3n Ciudadana [&hellip;]<\/p>\n","protected":false},"author":1,"featured_media":13939,"comment_status":"open","ping_status":"open","sticky":false,"template":"","format":"standard","meta":{"inline_featured_image":false,"jnews-multi-image_gallery":[],"jnews_single_post":[],"jnews_primary_category":[],"jnews_social_meta":[],"jnews_override_counter":[],"jnews_post_split":[],"footnotes":""},"categories":[58],"tags":[82],"class_list":["post-13937","post","type-post","status-publish","format-standard","has-post-thumbnail","hentry","category-cabildo","tag-fuerteventura"],"jetpack_featured_media_url":"https:\/\/informacionlocal.es\/wp-content\/uploads\/2025\/11\/wdwq.png","_links":{"self":[{"href":"https:\/\/informacionlocal.es\/it\/wp-json\/wp\/v2\/posts\/13937","targetHints":{"allow":["GET"]}}],"collection":[{"href":"https:\/\/informacionlocal.es\/it\/wp-json\/wp\/v2\/posts"}],"about":[{"href":"https:\/\/informacionlocal.es\/it\/wp-json\/wp\/v2\/types\/post"}],"author":[{"embeddable":true,"href":"https:\/\/informacionlocal.es\/it\/wp-json\/wp\/v2\/users\/1"}],"replies":[{"embeddable":true,"href":"https:\/\/informacionlocal.es\/it\/wp-json\/wp\/v2\/comments?post=13937"}],"version-history":[{"count":0,"href":"https:\/\/informacionlocal.es\/it\/wp-json\/wp\/v2\/posts\/13937\/revisions"}],"wp:featuredmedia":[{"embeddable":true,"href":"https:\/\/informacionlocal.es\/it\/wp-json\/wp\/v2\/media\/13939"}],"wp:attachment":[{"href":"https:\/\/informacionlocal.es\/it\/wp-json\/wp\/v2\/media?parent=13937"}],"wp:term":[{"taxonomy":"category","embeddable":true,"href":"https:\/\/informacionlocal.es\/it\/wp-json\/wp\/v2\/categories?post=13937"},{"taxonomy":"post_tag","embeddable":true,"href":"https:\/\/informacionlocal.es\/it\/wp-json\/wp\/v2\/tags?post=13937"}],"curies":[{"name":"wp","href":"https:\/\/api.w.org\/{rel}","templated":true}]}}