{"id":13915,"date":"2025-11-13T15:58:54","date_gmt":"2025-11-13T15:58:54","guid":{"rendered":"https:\/\/informacionlocal.es\/fuerteventura-film-commission-impulsa-la-formacion-audiovisual-con-el-nuevo-curso-avanzado-de-fotografia-la-mirada-y-el-fotografo\/"},"modified":"2025-11-13T15:58:54","modified_gmt":"2025-11-13T15:58:54","slug":"fuerteventura-film-commission-impulsa-la-formacion-audiovisual-con-el-nuevo-curso-avanzado-de-fotografia-la-mirada-y-el-fotografo","status":"publish","type":"post","link":"https:\/\/informacionlocal.es\/it\/fuerteventura-film-commission-impulsa-la-formacion-audiovisual-con-el-nuevo-curso-avanzado-de-fotografia-la-mirada-y-el-fotografo\/","title":{"rendered":"Fuerteventura Film Commission impulsa la formaci\u00f3n audiovisual con el nuevo Curso Avanzado de Fotograf\u00eda \u2018La Mirada y el Fot\u00f3grafo\u2019"},"content":{"rendered":"<div class=\"entry-content\"><strong>13 noviembre, 2025<\/strong><\/p>\n<p><strong><em>El curso formativo se celebrar\u00e1 del 1 al 5 de diciembre y ser\u00e1 impartido<br \/>\npor el fotoperiodista y cineasta Jos\u00e9 Luis Valdivia<\/em><\/strong><\/p>\n<p>Fuerteventura Film Commission contin\u00faa apostando por la formaci\u00f3n<br \/>\ny profesionalizaci\u00f3n del sector audiovisual de la isla con una nueva propuesta<br \/>\ndentro de su programaci\u00f3n de talleres. En esta ocasi\u00f3n, ofrece el Curso<br \/>\nAvanzado de Fotograf\u00eda \u2018La Mirada y el Fot\u00f3grafo\u2019, que ser\u00e1 impartido por el<br \/>\nreconocido fotoperiodista, cineasta y docente internacional Jos\u00e9 Luis Valdivia,<br \/>\na trav\u00e9s de su productora IKAPIA filma.<\/p>\n<p>Se trata del segundo curso que la Film Commission dedica a la<br \/>\nfotograf\u00eda, y se desarrollar\u00e1 en el aula E del Palacio de Formaci\u00f3n y Congresos<br \/>\nde Fuerteventura del 1 al 5 de diciembre, en horario de tarde, de 16.00 a 20.00<br \/>\nhoras.<\/p>\n<p>Este taller, de 20 horas de duraci\u00f3n, est\u00e1 orientado a personas<br \/>\ncon conocimientos iniciales en fotograf\u00eda e iluminaci\u00f3n, y profundiza en<br \/>\nt\u00e9cnicas de revelado digital y fotograf\u00eda profesional de estudio con<br \/>\niluminaci\u00f3n avanzada.<\/p>\n<p>La consejera de Fuerteventura Film Commission, Nereida Calero,<br \/>\nrecalca que \u201ccon este curso reforzamos nuestro compromiso con la capacitaci\u00f3n<br \/>\nde las personas que desean desarrollarse en el \u00e1mbito audiovisual. Apostamos<br \/>\npor ofrecer formaci\u00f3n de calidad que permita a nuestros profesionales crecer,<br \/>\ninnovar y seguir proyectando el nombre de Fuerteventura como un destino<br \/>\ncreativo y lleno de oportunidades\u201d.<\/p>\n<p>Las inscripciones estar\u00e1n abiertas del 17 al 23 de noviembre y<br \/>\npodr\u00e1n realizarse a trav\u00e9s de la p\u00e1gina web de Fuerteventura Film Commission,<br \/>\nen el apartado \u2018Formaci\u00f3n\u2019. El aforo es limitado a 25 plazas, y la admisi\u00f3n se<br \/>\nrealizar\u00e1 por riguroso orden de inscripci\u00f3n, dando prioridad a los residentes<br \/>\nen Fuerteventura.<\/p>\n<\/div>\n","protected":false},"excerpt":{"rendered":"<p>13 noviembre, 2025 El curso formativo se celebrar\u00e1 del 1 al 5 de diciembre y ser\u00e1 impartido por el fotoperiodista y cineasta Jos\u00e9 Luis Valdivia Fuerteventura Film Commission contin\u00faa apostando [&hellip;]<\/p>\n","protected":false},"author":1,"featured_media":13917,"comment_status":"open","ping_status":"open","sticky":false,"template":"","format":"standard","meta":{"inline_featured_image":false,"jnews-multi-image_gallery":[],"jnews_single_post":[],"jnews_primary_category":[],"jnews_social_meta":[],"jnews_override_counter":[],"jnews_post_split":[],"footnotes":""},"categories":[58],"tags":[82],"class_list":["post-13915","post","type-post","status-publish","format-standard","has-post-thumbnail","hentry","category-cabildo","tag-fuerteventura"],"jetpack_featured_media_url":"https:\/\/informacionlocal.es\/wp-content\/uploads\/2025\/11\/curso-fotografc3ada-1_page-0001.jpg","_links":{"self":[{"href":"https:\/\/informacionlocal.es\/it\/wp-json\/wp\/v2\/posts\/13915","targetHints":{"allow":["GET"]}}],"collection":[{"href":"https:\/\/informacionlocal.es\/it\/wp-json\/wp\/v2\/posts"}],"about":[{"href":"https:\/\/informacionlocal.es\/it\/wp-json\/wp\/v2\/types\/post"}],"author":[{"embeddable":true,"href":"https:\/\/informacionlocal.es\/it\/wp-json\/wp\/v2\/users\/1"}],"replies":[{"embeddable":true,"href":"https:\/\/informacionlocal.es\/it\/wp-json\/wp\/v2\/comments?post=13915"}],"version-history":[{"count":0,"href":"https:\/\/informacionlocal.es\/it\/wp-json\/wp\/v2\/posts\/13915\/revisions"}],"wp:featuredmedia":[{"embeddable":true,"href":"https:\/\/informacionlocal.es\/it\/wp-json\/wp\/v2\/media\/13917"}],"wp:attachment":[{"href":"https:\/\/informacionlocal.es\/it\/wp-json\/wp\/v2\/media?parent=13915"}],"wp:term":[{"taxonomy":"category","embeddable":true,"href":"https:\/\/informacionlocal.es\/it\/wp-json\/wp\/v2\/categories?post=13915"},{"taxonomy":"post_tag","embeddable":true,"href":"https:\/\/informacionlocal.es\/it\/wp-json\/wp\/v2\/tags?post=13915"}],"curies":[{"name":"wp","href":"https:\/\/api.w.org\/{rel}","templated":true}]}}