{"id":13867,"date":"2025-11-12T21:00:56","date_gmt":"2025-11-12T21:00:56","guid":{"rendered":"https:\/\/informacionlocal.es\/estrategias-activas-para-prevenir-el-bullying\/"},"modified":"2025-11-12T21:00:56","modified_gmt":"2025-11-12T21:00:56","slug":"estrategias-activas-para-prevenir-el-bullying","status":"publish","type":"post","link":"https:\/\/informacionlocal.es\/it\/estrategias-activas-para-prevenir-el-bullying\/","title":{"rendered":"Estrategias activas para prevenir el bullying"},"content":{"rendered":"<div class=\"entry-content\"><strong>12 noviembre, 2025<\/strong><\/p>\n<p>Desde el Servicio Insular de Infancia, perteneciente a<br \/>\nla Consejer\u00eda de Acci\u00f3n Social, Diversidad, LGTBIQ+, Participaci\u00f3n Ciudadana y<br \/>\nGobierno Abierto, \u00a0en colaboraci\u00f3n con<br \/>\nOXIA (empresa encargada del diagn\u00f3stico y el Plan Insular de Infancia y<br \/>\nAdolescencia aprobado recientemente) , se han organizado dentro de las acciones<br \/>\nprevistas y con motivo del D\u00eda Internacional de los Derechos de la Infancia,<br \/>\nque se celebra el 20 de noviembre, la celebraci\u00f3n de la<strong><em>\u201d Jornada:<br \/>\nEstrategias activas para prevenir el bullying en Fuerteventura\u201d<\/em><\/strong><\/p>\n<p>\u201cEstrategias Activas para Prevenir el Bullying en Fuerteventura\u201d<br \/>\nse justifica como una respuesta formativa, urgente y estrat\u00e9gica a una realidad<br \/>\nsocial y educativa que impacta directamente en el desarrollo y bienestar de la<br \/>\ninfancia y adolescencia insular.<\/p>\n<p>El bullying o acoso escolar, es una forma de violencia<br \/>\nque exige una intervenci\u00f3n comunitaria y sist\u00e9mica.<\/p>\n<p>La necesidad de esta jornada en Fuerteventura no es<br \/>\nsolo una cuesti\u00f3n de prevenci\u00f3n y actuaci\u00f3n general, sino una demanda expl\u00edcita<br \/>\nderivada del diagn\u00f3stico desarrollado en el marco del nuevo Plan Insular de<br \/>\nInfancia y adolescencia.:<\/p>\n<p>\u25cf Datos del Diagn\u00f3stico Insular: El acoso escolar es<br \/>\nuno de los problemas psicosociales y de convivencia prioritarios recogidos en<br \/>\nel Diagn\u00f3stico Insular previo al Plan de Infancia actual de Fuerteventura. Este<br \/>\ndiagn\u00f3stico subraya la necesidad de reforzar las competencias preventivas y de<br \/>\ngesti\u00f3n del conflicto en los entornos educativos. La jornada, por tanto, aborda<br \/>\nuna necesidad ya identificada por las instituciones insulares.<\/p>\n<p>\u25cf Contexto Socioeducativo: Fuerteventura, por su<br \/>\nestructura geogr\u00e1fica y la dispersi\u00f3n de algunos centros, requiere estrategias<br \/>\nadaptadas que promuevan la cohesi\u00f3n social y refuercen la coordinaci\u00f3n entre familias,<br \/>\ncentros educativos y servicios sociales.<\/p>\n<p>La prevenci\u00f3n activa se convierte en una herramienta esencial para crear entornos protectores.<\/p>\n<p>Descargue el programa aqu\u00ed<\/p>\n<\/div>\n","protected":false},"excerpt":{"rendered":"<p>12 noviembre, 2025 Desde el Servicio Insular de Infancia, perteneciente a la Consejer\u00eda de Acci\u00f3n Social, Diversidad, LGTBIQ+, Participaci\u00f3n Ciudadana y Gobierno Abierto, \u00a0en colaboraci\u00f3n con OXIA (empresa encargada del [&hellip;]<\/p>\n","protected":false},"author":1,"featured_media":13869,"comment_status":"open","ping_status":"open","sticky":false,"template":"","format":"standard","meta":{"inline_featured_image":false,"jnews-multi-image_gallery":[],"jnews_single_post":[],"jnews_primary_category":[],"jnews_social_meta":[],"jnews_override_counter":[],"jnews_post_split":[],"footnotes":""},"categories":[58],"tags":[82],"class_list":["post-13867","post","type-post","status-publish","format-standard","has-post-thumbnail","hentry","category-cabildo","tag-fuerteventura"],"jetpack_featured_media_url":"https:\/\/informacionlocal.es\/wp-content\/uploads\/2025\/11\/cartel-jornadas-28-11-2025-stop-bullying.png","_links":{"self":[{"href":"https:\/\/informacionlocal.es\/it\/wp-json\/wp\/v2\/posts\/13867","targetHints":{"allow":["GET"]}}],"collection":[{"href":"https:\/\/informacionlocal.es\/it\/wp-json\/wp\/v2\/posts"}],"about":[{"href":"https:\/\/informacionlocal.es\/it\/wp-json\/wp\/v2\/types\/post"}],"author":[{"embeddable":true,"href":"https:\/\/informacionlocal.es\/it\/wp-json\/wp\/v2\/users\/1"}],"replies":[{"embeddable":true,"href":"https:\/\/informacionlocal.es\/it\/wp-json\/wp\/v2\/comments?post=13867"}],"version-history":[{"count":0,"href":"https:\/\/informacionlocal.es\/it\/wp-json\/wp\/v2\/posts\/13867\/revisions"}],"wp:featuredmedia":[{"embeddable":true,"href":"https:\/\/informacionlocal.es\/it\/wp-json\/wp\/v2\/media\/13869"}],"wp:attachment":[{"href":"https:\/\/informacionlocal.es\/it\/wp-json\/wp\/v2\/media?parent=13867"}],"wp:term":[{"taxonomy":"category","embeddable":true,"href":"https:\/\/informacionlocal.es\/it\/wp-json\/wp\/v2\/categories?post=13867"},{"taxonomy":"post_tag","embeddable":true,"href":"https:\/\/informacionlocal.es\/it\/wp-json\/wp\/v2\/tags?post=13867"}],"curies":[{"name":"wp","href":"https:\/\/api.w.org\/{rel}","templated":true}]}}