{"id":1386,"date":"2025-04-10T17:38:35","date_gmt":"2025-04-10T17:38:35","guid":{"rendered":"https:\/\/informacionlocal.es\/il-comune-di-pajara-inaugura-una-sala-ricreativa-nel-centro-giovanile-di-morro-jable\/"},"modified":"2025-04-14T10:18:09","modified_gmt":"2025-04-14T10:18:09","slug":"il-comune-di-pajara-inaugura-una-sala-ricreativa-nel-centro-giovanile-di-morro-jable","status":"publish","type":"post","link":"https:\/\/informacionlocal.es\/it\/il-comune-di-pajara-inaugura-una-sala-ricreativa-nel-centro-giovanile-di-morro-jable\/","title":{"rendered":"Il Comune di P\u00e1jara inaugura una sala ricreativa nel Centro giovanile di Morro Jable"},"content":{"rendered":"<div class=\"entry-content\">\n<p><b><i>Lo spazio offre un&#8217;ampia variet\u00e0 di attivit\u00e0, tra cui giochi da tavolo, calcio balilla, ping pong e videogiochi.<\/i><\/b><\/p>\n<p><span>  Il Comune di P\u00e1jara, attraverso l&#8217;Assessorato alla Giovent\u00f9, annuncia l&#8217;apertura di una nuova sala per il tempo libero nel Centro Giovanile di Morro Jable, uno spazio innovativo e ricreativo che sar\u00e0 aperto a tutto il pubblico. Da mercoled\u00ec 2 aprile, gli abitanti del comune di P\u00e1jara potranno usufruire di moderne strutture per il tempo libero.   <\/span><\/p>\n<p><span>Questo nuovo spazio \u00e8 stato progettato per essere un punto d&#8217;incontro per giovani, adulti e famiglie, con un&#8217;ampia offerta di attivit\u00e0. Gli utenti potranno divertirsi con giochi da tavolo, console come PlayStation 5 e Nintendo Switch con diversi controller a disposizione, tavoli da computer, calcio balilla, ping pong, freccette e una macchina retr\u00f2, il tutto progettato per garantire un&#8217;esperienza completa per tutti i gusti.   <\/span><\/p>\n<p><span>L&#8217;assessore alla Giovent\u00f9, Juan Jos\u00e9 Viera, ha espresso il suo entusiasmo per il nuovo progetto. &#8220;\u00c8 uno spazio pensato per il divertimento di tutti, giovani e anziani, dove vogliamo promuovere il tempo libero sano e la convivenza&#8221;. Ha aggiunto che &#8220;alla fine dell&#8217;anno, tutti i puzzle realizzati nella stanza saranno incorporati nel muro per creare un murale collettivo&#8221;.    <\/span><\/p>\n<p><span>La sala sar\u00e0 aperta nel pomeriggio, dalle 16:30 alle 20:00, da mercoled\u00ec a domenica.  <\/span><\/p>\n<p><img loading=\"lazy\" decoding=\"async\" loading=\"lazy\" class=\"alignnone size-medium wp-image-19991\" src=\"https:\/\/informacionlocal.es\/wp-content\/uploads\/2025\/04\/sala-de-ocio-2-300x225-1.jpeg\" width=\"300\" height=\"225\" title=\"sala-de-ocio-2-300x225-1\"><img loading=\"lazy\" decoding=\"async\" loading=\"lazy\" class=\"alignnone size-medium wp-image-19992\" src=\"https:\/\/informacionlocal.es\/wp-content\/uploads\/2025\/04\/sala-de-ocio-3-300x225-1.jpeg\" width=\"300\" height=\"225\" title=\"sala-de-ocio-3-300x225-1\"><\/p>\n<div>Condividi<\/div>\n<\/div>\n","protected":false},"excerpt":{"rendered":"<p><i>Lo spazio offre un&#8217;ampia variet\u00e0 di attivit\u00e0, tra cui giochi da tavolo, calcio balilla, ping pong e videogiochi.<\/i><\/p>\n","protected":false},"author":1,"featured_media":667,"comment_status":"open","ping_status":"open","sticky":false,"template":"","format":"standard","meta":{"inline_featured_image":false,"jnews-multi-image_gallery":[],"jnews_single_post":[],"jnews_primary_category":[],"jnews_social_meta":[],"jnews_override_counter":[],"jnews_post_split":[],"footnotes":""},"categories":[298],"tags":[202,224,238,223],"class_list":["post-1386","post","type-post","status-publish","format-standard","has-post-thumbnail","hentry","category-pajara-it","tag-comuni","tag-cultura-e-tempo-libero","tag-eventi","tag-fuerteventura-it"],"jetpack_featured_media_url":"https:\/\/informacionlocal.es\/wp-content\/uploads\/2025\/04\/sala-de-ocio-1.jpeg","_links":{"self":[{"href":"https:\/\/informacionlocal.es\/it\/wp-json\/wp\/v2\/posts\/1386","targetHints":{"allow":["GET"]}}],"collection":[{"href":"https:\/\/informacionlocal.es\/it\/wp-json\/wp\/v2\/posts"}],"about":[{"href":"https:\/\/informacionlocal.es\/it\/wp-json\/wp\/v2\/types\/post"}],"author":[{"embeddable":true,"href":"https:\/\/informacionlocal.es\/it\/wp-json\/wp\/v2\/users\/1"}],"replies":[{"embeddable":true,"href":"https:\/\/informacionlocal.es\/it\/wp-json\/wp\/v2\/comments?post=1386"}],"version-history":[{"count":1,"href":"https:\/\/informacionlocal.es\/it\/wp-json\/wp\/v2\/posts\/1386\/revisions"}],"predecessor-version":[{"id":1818,"href":"https:\/\/informacionlocal.es\/it\/wp-json\/wp\/v2\/posts\/1386\/revisions\/1818"}],"wp:featuredmedia":[{"embeddable":true,"href":"https:\/\/informacionlocal.es\/it\/wp-json\/wp\/v2\/media\/667"}],"wp:attachment":[{"href":"https:\/\/informacionlocal.es\/it\/wp-json\/wp\/v2\/media?parent=1386"}],"wp:term":[{"taxonomy":"category","embeddable":true,"href":"https:\/\/informacionlocal.es\/it\/wp-json\/wp\/v2\/categories?post=1386"},{"taxonomy":"post_tag","embeddable":true,"href":"https:\/\/informacionlocal.es\/it\/wp-json\/wp\/v2\/tags?post=1386"}],"curies":[{"name":"wp","href":"https:\/\/api.w.org\/{rel}","templated":true}]}}