{"id":13843,"date":"2025-11-12T12:58:27","date_gmt":"2025-11-12T12:58:27","guid":{"rendered":"https:\/\/informacionlocal.es\/los-clubes-de-lectura-de-la-fuerteventura-se-reunen-con-el-escritor-juan-trejo\/"},"modified":"2025-11-12T12:58:27","modified_gmt":"2025-11-12T12:58:27","slug":"los-clubes-de-lectura-de-la-fuerteventura-se-reunen-con-el-escritor-juan-trejo","status":"publish","type":"post","link":"https:\/\/informacionlocal.es\/it\/los-clubes-de-lectura-de-la-fuerteventura-se-reunen-con-el-escritor-juan-trejo\/","title":{"rendered":"\ufeffLos clubes de lectura de la Fuerteventura se re\u00fanen con el escritor Juan Trejo"},"content":{"rendered":"<div class=\"entry-content\"><strong>12 noviembre, 2025<\/strong><\/p>\n<p><strong>E<\/strong><em><strong>l autor presentar\u00e1 el libro \u2018Nela 1979\u2019 a las 20.30 horas en la Sala Josefina Pl\u00e1<\/strong><\/em><\/p>\n<p>Los clubes de lectura de Fuerteventura se reunir\u00e1n el pr\u00f3ximo martes, 18 de noviembre, con Juan Trejo, autor de \u2018Nela 1979\u2019, libro en el que ha intentado reconstruir la muerte de su hermana Manuela muerta en 1979 a los 21 a\u00f1os. <\/p>\n<p>El encuentro con los clubes de lectura de Fuerteventura tendr\u00e1 lugar a las 19.00 horas en la Sala Josefina Pl\u00e1, del Palacio de Formaci\u00f3n y Congresos.<br \/> \u00a0A continuaci\u00f3n, a las 20.30 horas y en la misma sala, Juan Trejo presentar\u00e1 el libro en un acto abierto a todo el p\u00fablico en el que estar\u00e1 acompa\u00f1ado por el periodista del Canarias 7 David Ojeda.<\/p>\n<p>Nela es una historia de no ficci\u00f3n que parte de la familia del<br \/>\npropio autor y tiene como centro la muerte de su hermana Nela en 1979, a los 21<br \/>\na\u00f1os. Nela era rebelde, curiosa intelectualmente y precoz en muchos sentidos;<br \/>\nse fue de casa con apenas diecis\u00e9is a\u00f1os para vivir una vida libre, m\u00e1s all\u00e1 de<br \/>\nlas costumbres y la cultura de sus padres. <\/p>\n<p>El matrimonio que formaban los Trejo lleg\u00f3 de peque\u00f1o pueblo de<br \/>\nExtremadura para instalarse en la Barcelona de 1962. Y Nela no tard\u00f3 en<br \/>\ninteresarse por los movimientos pol\u00edticos y culturales del momento. Tambi\u00e9n<br \/>\ninici\u00f3 un flirteo muy temprano con la hero\u00edna hacia mediados de los a\u00f1os<br \/>\nsetenta. En el tri\u00e1ngulo que forman las ciudades de Barcelona, G\u00e9nova y<br \/>\nValencia se teje la red de una historia que tiene su inicio en un humilde piso<br \/>\ndel barrio de Vallcarca, en Barcelona.<\/p>\n<p><strong>Juan Trejo.<\/strong> (Barcelona, 1970) fue miembro del consejo de<br \/>\nredacci\u00f3n de la desaparecida revista <em>Lateral <\/em>y codirector de la revista<br \/>\nliteraria <em>Quimera<\/em>. Ejerce como traductor literario y colabora en la<br \/>\nrevista <em>Alta\u00efr Magazine<\/em>. En 2014, <em>La m\u00e1quina del porvenir <\/em>se alz\u00f3<br \/>\ncon el x Premio Tusquets Editores de Novela.<\/p>\n<\/div>\n","protected":false},"excerpt":{"rendered":"<p>12 noviembre, 2025 El autor presentar\u00e1 el libro \u2018Nela 1979\u2019 a las 20.30 horas en la Sala Josefina Pl\u00e1 Los clubes de lectura de Fuerteventura se reunir\u00e1n el pr\u00f3ximo martes, [&hellip;]<\/p>\n","protected":false},"author":1,"featured_media":13845,"comment_status":"open","ping_status":"open","sticky":false,"template":"","format":"standard","meta":{"inline_featured_image":false,"jnews-multi-image_gallery":[],"jnews_single_post":[],"jnews_primary_category":[],"jnews_social_meta":[],"jnews_override_counter":[],"jnews_post_split":[],"footnotes":""},"categories":[58],"tags":[82],"class_list":["post-13843","post","type-post","status-publish","format-standard","has-post-thumbnail","hentry","category-cabildo","tag-fuerteventura"],"jetpack_featured_media_url":"https:\/\/informacionlocal.es\/wp-content\/uploads\/2025\/11\/sfsf.png","_links":{"self":[{"href":"https:\/\/informacionlocal.es\/it\/wp-json\/wp\/v2\/posts\/13843","targetHints":{"allow":["GET"]}}],"collection":[{"href":"https:\/\/informacionlocal.es\/it\/wp-json\/wp\/v2\/posts"}],"about":[{"href":"https:\/\/informacionlocal.es\/it\/wp-json\/wp\/v2\/types\/post"}],"author":[{"embeddable":true,"href":"https:\/\/informacionlocal.es\/it\/wp-json\/wp\/v2\/users\/1"}],"replies":[{"embeddable":true,"href":"https:\/\/informacionlocal.es\/it\/wp-json\/wp\/v2\/comments?post=13843"}],"version-history":[{"count":0,"href":"https:\/\/informacionlocal.es\/it\/wp-json\/wp\/v2\/posts\/13843\/revisions"}],"wp:featuredmedia":[{"embeddable":true,"href":"https:\/\/informacionlocal.es\/it\/wp-json\/wp\/v2\/media\/13845"}],"wp:attachment":[{"href":"https:\/\/informacionlocal.es\/it\/wp-json\/wp\/v2\/media?parent=13843"}],"wp:term":[{"taxonomy":"category","embeddable":true,"href":"https:\/\/informacionlocal.es\/it\/wp-json\/wp\/v2\/categories?post=13843"},{"taxonomy":"post_tag","embeddable":true,"href":"https:\/\/informacionlocal.es\/it\/wp-json\/wp\/v2\/tags?post=13843"}],"curies":[{"name":"wp","href":"https:\/\/api.w.org\/{rel}","templated":true}]}}