{"id":13819,"date":"2025-11-11T19:59:46","date_gmt":"2025-11-11T19:59:46","guid":{"rendered":"https:\/\/informacionlocal.es\/pajara-reafirma-su-compromiso-con-la-igualdad-y-la-erradicacion-de-la-violencia-contra-las-mujeres\/"},"modified":"2025-11-11T19:59:46","modified_gmt":"2025-11-11T19:59:46","slug":"pajara-reafirma-su-compromiso-con-la-igualdad-y-la-erradicacion-de-la-violencia-contra-las-mujeres","status":"publish","type":"post","link":"https:\/\/informacionlocal.es\/it\/pajara-reafirma-su-compromiso-con-la-igualdad-y-la-erradicacion-de-la-violencia-contra-las-mujeres\/","title":{"rendered":"P\u00e1jara reafirma su compromiso con la igualdad y la erradicaci\u00f3n de la violencia contra las mujeres\u00a0"},"content":{"rendered":"<div class=\"entry-content\">\n<p><b><i>El Ayuntamiento presenta una amplia programaci\u00f3n de talleres, jornadas y actividades con motivo del D\u00eda Internacional de la Eliminaci\u00f3n de la Violencia contra la Mujer\u00a0<\/i><\/b><\/p>\n<p><span>El Ayuntamiento de P\u00e1jara, a trav\u00e9s de la Concejal\u00eda de Servicios Sociales, ha presentado en rueda de prensa el programa de actividades que se desarrollar\u00e1n durante los meses de noviembre y diciembre con motivo del D\u00eda Internacional de la Eliminaci\u00f3n de la Violencia contra la Mujer, que se conmemora cada 25 de noviembre.\u00a0<\/span><\/p>\n<p><span>En la rueda de prensa estuvieron presentes el alcalde de P\u00e1jara, Alejandro Jorge, el primer teniente de alcalde, Alexis Alonso, y la concejala del \u00e1rea, Kathaisa Rodr\u00edguez, junto a la representante de la Federaci\u00f3n de Asociaciones de Mujeres Arena y Laurisilva, Nicol Rocha, y la representante de La Nueva Saga, Marina Di Maio.\u00a0<\/span><\/p>\n<p><span>Esta iniciativa, organizada en colaboraci\u00f3n con la Federaci\u00f3n de Asociaciones de Mujeres Arena y Laurisilva, tiene como objetivo principal formar, sensibilizar y movilizar a la ciudadan\u00eda, reforzando el compromiso del Consistorio con la erradicaci\u00f3n de cualquier forma de violencia hacia las mujeres.\u00a0<\/span><\/p>\n<p><span>Durante estos meses se llevar\u00e1n a cabo diversos talleres en distintos puntos del municipio enfocados en la maternidad y la prevenci\u00f3n de la violencia de g\u00e9nero desde la perspectiva de los cuidados y el acompa\u00f1amiento. Asimismo, se celebraran las Jornadas Jand\u00eda Princess, que se desarrollar\u00e1n en dos sesiones diferenciadas. La primera estar\u00e1 dirigida a los agentes y responsables de los Puntos Violetas y a la Polic\u00eda Local, con el prop\u00f3sito de fortalecer la coordinaci\u00f3n y la respuesta ante situaciones de violencia de g\u00e9nero. La segunda jornada estar\u00e1 dirigida a la plantilla base del hotel, una acci\u00f3n que busca implicar al sector tur\u00edstico en la sensibilizaci\u00f3n y prevenci\u00f3n de situaciones.\u00a0<\/span><\/p>\n<p><span>El 25 de noviembre, D\u00eda Internacional de la Eliminaci\u00f3n de la Violencia contra la Mujer, se llevar\u00e1 a cabo una charla dirigida al alumnado de 4\u00ba ESO y bachillerato del IES Jand\u00eda, con el objetivo de fomentar la reflexi\u00f3n entre los j\u00f3venes y promover actitudes de respeto e igualdad.\u00a0<\/span><\/p>\n<p><span>Ese mismo d\u00eda, a partir de las 17:00 horas se desarrollar\u00e1 el programa \u2018Alcemos la Voz\u2019 en las calles peatonales de Morro Jable. Esta jornada divulgativa ofrecer\u00e1 distintas actividades repartidas en cinco escenarios a lo largo de las calles principales, con m\u00fasica en directo, obras de teatro , recitales de poes\u00eda, presentaciones de libros y la lectura de un manifiesto, adem\u00e1s de una zona infantil con talleres de teatro y chocolatada, fomentando la participaci\u00f3n familiar y la educaci\u00f3n en igualdad desde edades tempranas.<\/span><\/p>\n<p><span>Con esta programaci\u00f3n, el Ayuntamiento reafirma su compromiso con la prevenci\u00f3n, la educaci\u00f3n y la sensibilizaci\u00f3n social, e invita a toda la ciudadan\u00eda a sumarse a los actos previstos y a participar activamente en la construcci\u00f3n de un municipio m\u00e1s igualitario y libre de violencia contra las mujeres. <\/span><\/p>\n<\/div>\n","protected":false},"excerpt":{"rendered":"<p><i>El Ayuntamiento presenta una amplia programaci\u00f3n de talleres, jornadas y actividades con motivo del D\u00eda Internacional de la Eliminaci\u00f3n de la Violencia contra la Mujer\u00a0<\/i><\/p>\n","protected":false},"author":1,"featured_media":13821,"comment_status":"open","ping_status":"open","sticky":false,"template":"","format":"standard","meta":{"inline_featured_image":false,"jnews-multi-image_gallery":[],"jnews_single_post":[],"jnews_primary_category":[],"jnews_social_meta":[],"jnews_override_counter":[],"jnews_post_split":[],"footnotes":""},"categories":[63],"tags":[73],"class_list":["post-13819","post","type-post","status-publish","format-standard","has-post-thumbnail","hentry","category-pajara","tag-educacion"],"jetpack_featured_media_url":"https:\/\/informacionlocal.es\/wp-content\/uploads\/2025\/11\/whatsapp-image-2025-11-11-at-15-28-53.jpeg","_links":{"self":[{"href":"https:\/\/informacionlocal.es\/it\/wp-json\/wp\/v2\/posts\/13819","targetHints":{"allow":["GET"]}}],"collection":[{"href":"https:\/\/informacionlocal.es\/it\/wp-json\/wp\/v2\/posts"}],"about":[{"href":"https:\/\/informacionlocal.es\/it\/wp-json\/wp\/v2\/types\/post"}],"author":[{"embeddable":true,"href":"https:\/\/informacionlocal.es\/it\/wp-json\/wp\/v2\/users\/1"}],"replies":[{"embeddable":true,"href":"https:\/\/informacionlocal.es\/it\/wp-json\/wp\/v2\/comments?post=13819"}],"version-history":[{"count":0,"href":"https:\/\/informacionlocal.es\/it\/wp-json\/wp\/v2\/posts\/13819\/revisions"}],"wp:featuredmedia":[{"embeddable":true,"href":"https:\/\/informacionlocal.es\/it\/wp-json\/wp\/v2\/media\/13821"}],"wp:attachment":[{"href":"https:\/\/informacionlocal.es\/it\/wp-json\/wp\/v2\/media?parent=13819"}],"wp:term":[{"taxonomy":"category","embeddable":true,"href":"https:\/\/informacionlocal.es\/it\/wp-json\/wp\/v2\/categories?post=13819"},{"taxonomy":"post_tag","embeddable":true,"href":"https:\/\/informacionlocal.es\/it\/wp-json\/wp\/v2\/tags?post=13819"}],"curies":[{"name":"wp","href":"https:\/\/api.w.org\/{rel}","templated":true}]}}