{"id":13807,"date":"2025-11-11T17:58:24","date_gmt":"2025-11-11T17:58:24","guid":{"rendered":"https:\/\/informacionlocal.es\/antigua-aprueba-244-000-euros-para-adquisicion-de-suelo-y-posterior-ampliacion-del-cementerio\/"},"modified":"2025-11-11T17:58:24","modified_gmt":"2025-11-11T17:58:24","slug":"antigua-aprueba-244-000-euros-para-adquisicion-de-suelo-y-posterior-ampliacion-del-cementerio","status":"publish","type":"post","link":"https:\/\/informacionlocal.es\/it\/antigua-aprueba-244-000-euros-para-adquisicion-de-suelo-y-posterior-ampliacion-del-cementerio\/","title":{"rendered":"Antigua aprueba 244.000 euros para adquisici\u00f3n de suelo y posterior ampliaci\u00f3n del Cementerio"},"content":{"rendered":"<div class=\"elementor-widget-container\">\n<p><strong>Antigua aprueba 244.000 euros para adquisici\u00f3n de suelo y posterior ampliaci\u00f3n del Cementerio<\/strong><\/p>\n<p><strong>\u2022 El Ayuntamiento de Antigua aprueba la partida destinada a la adquisici\u00f3n de suelo que permite la ampliaci\u00f3n del Cementerio de Antigua, as\u00ed como acondicionar y mejorar la zona de aparcamiento, aceras y accesos.<\/strong><\/p>\n<p>El Ayuntamiento de Antigua aprueba en sesi\u00f3n plenaria la modificaci\u00f3n presupuestaria inicial de 244.000 euros destinados a la adquisici\u00f3n de las parcelas necesarias que permitan la ampliaci\u00f3n de Cementerio de Antigua y la zona de aparcamientos, acondicionando a su vez accesos y viales.<\/p>\n<p>A la aprobaci\u00f3n de esta modificaci\u00f3n presupuestaria que permite la adquisici\u00f3n de los terrenos colindantes, se\u00f1ala el alcalde, Mat\u00edas Pe\u00f1a Garc\u00eda, se suma el trabajo desarrollado por la Secretar\u00eda y Oficina t\u00e9cnica para confirmar la modificaci\u00f3n puntual urban\u00edstica con objeto de permitir la prestaci\u00f3n de nuevos y pr\u00f3ximos servicios funerarios como un tanatorio y crematorio.<\/p>\n<p>El Ayuntamiento de Antigua finaliza pr\u00f3ximamente la actuaci\u00f3n, necesaria y urgente, de construcci\u00f3n y ampliaci\u00f3n de 300 nuevos nichos y unidades funerarias, as\u00ed como renueva la red de saneamiento, incorpora una c\u00e1mara frigor\u00edfica adaptada o mejoras en la red el\u00e9ctrica de baja tensi\u00f3n.<\/p>\n<p>\u00a0<\/p>\n<\/div>\n","protected":false},"excerpt":{"rendered":"<p><strong>Antigua aprueba 244.000 euros para adquisici\u00f3n de suelo y posterior ampliaci\u00f3n del Cementerio<\/strong><\/p>\n","protected":false},"author":1,"featured_media":13809,"comment_status":"open","ping_status":"open","sticky":false,"template":"","format":"standard","meta":{"inline_featured_image":false,"jnews-multi-image_gallery":[],"jnews_single_post":[],"jnews_primary_category":[],"jnews_social_meta":[],"jnews_override_counter":[],"jnews_post_split":[],"footnotes":""},"categories":[59],"tags":[],"class_list":["post-13807","post","type-post","status-publish","format-standard","has-post-thumbnail","hentry","category-antigua"],"jetpack_featured_media_url":"https:\/\/informacionlocal.es\/wp-content\/uploads\/2025\/11\/alcalde-comprueba-que-cementerio-y-accesos-esten-en-perfecto-estado-para-acoger-el-dia-de-todos-los-santos-2-scaled-1.jpg","_links":{"self":[{"href":"https:\/\/informacionlocal.es\/it\/wp-json\/wp\/v2\/posts\/13807","targetHints":{"allow":["GET"]}}],"collection":[{"href":"https:\/\/informacionlocal.es\/it\/wp-json\/wp\/v2\/posts"}],"about":[{"href":"https:\/\/informacionlocal.es\/it\/wp-json\/wp\/v2\/types\/post"}],"author":[{"embeddable":true,"href":"https:\/\/informacionlocal.es\/it\/wp-json\/wp\/v2\/users\/1"}],"replies":[{"embeddable":true,"href":"https:\/\/informacionlocal.es\/it\/wp-json\/wp\/v2\/comments?post=13807"}],"version-history":[{"count":0,"href":"https:\/\/informacionlocal.es\/it\/wp-json\/wp\/v2\/posts\/13807\/revisions"}],"wp:featuredmedia":[{"embeddable":true,"href":"https:\/\/informacionlocal.es\/it\/wp-json\/wp\/v2\/media\/13809"}],"wp:attachment":[{"href":"https:\/\/informacionlocal.es\/it\/wp-json\/wp\/v2\/media?parent=13807"}],"wp:term":[{"taxonomy":"category","embeddable":true,"href":"https:\/\/informacionlocal.es\/it\/wp-json\/wp\/v2\/categories?post=13807"},{"taxonomy":"post_tag","embeddable":true,"href":"https:\/\/informacionlocal.es\/it\/wp-json\/wp\/v2\/tags?post=13807"}],"curies":[{"name":"wp","href":"https:\/\/api.w.org\/{rel}","templated":true}]}}