{"id":13795,"date":"2025-11-11T15:58:35","date_gmt":"2025-11-11T15:58:35","guid":{"rendered":"https:\/\/informacionlocal.es\/antigua-organiza-un-nuevo-curso-de-yoga-en-silla-para-mayores-de-60-anos\/"},"modified":"2025-11-11T15:58:35","modified_gmt":"2025-11-11T15:58:35","slug":"antigua-organiza-un-nuevo-curso-de-yoga-en-silla-para-mayores-de-60-anos","status":"publish","type":"post","link":"https:\/\/informacionlocal.es\/it\/antigua-organiza-un-nuevo-curso-de-yoga-en-silla-para-mayores-de-60-anos\/","title":{"rendered":"Antigua organiza un nuevo curso de Yoga en Silla para mayores de 60 a\u00f1os"},"content":{"rendered":"<div class=\"elementor-widget-container\">\n<p><strong>Antigua organiza un nuevo curso de Yoga en Silla para mayores de 60 a\u00f1os<\/strong><\/p>\n<p><strong>\u2022 Ante el \u00e9xito de la primera edici\u00f3n, el Ayuntamiento de Antigua desde la concejal\u00eda de Servicios Sociales organiza un nuevo curso de Yoga en Silla para mayores del municipio. <\/strong><br \/><strong>\u2022 El Curso es gratuito con inscripci\u00f3n por Registro de Entrada en el Ayuntamiento de Antigua, Tenencia de Alcald\u00eda en Caleta de Fuste, en el departamento de Servicios Sociales, sede electr\u00f3nica o llamando al 928 549651.<\/strong><br \/><strong>\u2022 Imparte la conocida terapeuta Rosa Guerreo, comenzando las clases este jueves 13 de noviembre hasta febrero del pr\u00f3ximo a\u00f1o, en horario de 17:00 a 19:00 horas.<\/strong><\/p>\n<p>Nos comprometimos y cumplimos, organizando un nuevo Taller de Yoga en Silla para los mayores del municipio de Antigua, ante el \u00e9xito y numerosa inscripci\u00f3n que recibi\u00f3 la primera edici\u00f3n, afirma el alcalde, Mat\u00edas Pe\u00f1a Garc\u00eda, y de nuevo se realiza de la mano de la conocida terapeuta Rosa Guerrero.<\/p>\n<p>El Taller de Yoga en Silla es un taller inclusivo que se adapta a las posibilidades f\u00edsicas de cada persona, afirma la concejala de Servicios Sociales, Am\u00e9rica Soto Betancor, los beneficios pueden comprobarse desde la primera semana que se practica, mejorando en elasticidad, equilibrio, coordinaci\u00f3n corporal y fuerza.<\/p>\n<p>Las inscripciones, se\u00f1ala la concejala de \u00e1rea, son gratuitas y deben formalizarse por Registro de Entrada, tambi\u00e9n son limitadas, recuerda Soto Betancor, hasta cubrir el aforo disponible en el Centro de Mayores en horario de 17:00 a 19:00 horas desde este jueves 13 de noviembre y hasta febrero del 2026.<\/p>\n<p>El Taller de Yoga en Silla se dirige preferentemente a personas empadronadas en el Municipio de Antigua, mayores de 60 a\u00f1os, y esta organizado por el Ayuntamiento de Antigua desde la concejal\u00eda de Servicios Sociales con la colaboraci\u00f3n del Cabildo de Fuerteventura.<\/p>\n<\/div>\n","protected":false},"excerpt":{"rendered":"<p><strong>Antigua organiza un nuevo curso de Yoga en Silla para mayores de 60 a\u00f1os<\/strong><\/p>\n","protected":false},"author":1,"featured_media":13797,"comment_status":"open","ping_status":"open","sticky":false,"template":"","format":"standard","meta":{"inline_featured_image":false,"jnews-multi-image_gallery":[],"jnews_single_post":[],"jnews_primary_category":[],"jnews_social_meta":[],"jnews_override_counter":[],"jnews_post_split":[],"footnotes":""},"categories":[59],"tags":[82],"class_list":["post-13795","post","type-post","status-publish","format-standard","has-post-thumbnail","hentry","category-antigua","tag-fuerteventura"],"jetpack_featured_media_url":"https:\/\/informacionlocal.es\/wp-content\/uploads\/2025\/11\/cartel.jpeg","_links":{"self":[{"href":"https:\/\/informacionlocal.es\/it\/wp-json\/wp\/v2\/posts\/13795","targetHints":{"allow":["GET"]}}],"collection":[{"href":"https:\/\/informacionlocal.es\/it\/wp-json\/wp\/v2\/posts"}],"about":[{"href":"https:\/\/informacionlocal.es\/it\/wp-json\/wp\/v2\/types\/post"}],"author":[{"embeddable":true,"href":"https:\/\/informacionlocal.es\/it\/wp-json\/wp\/v2\/users\/1"}],"replies":[{"embeddable":true,"href":"https:\/\/informacionlocal.es\/it\/wp-json\/wp\/v2\/comments?post=13795"}],"version-history":[{"count":0,"href":"https:\/\/informacionlocal.es\/it\/wp-json\/wp\/v2\/posts\/13795\/revisions"}],"wp:featuredmedia":[{"embeddable":true,"href":"https:\/\/informacionlocal.es\/it\/wp-json\/wp\/v2\/media\/13797"}],"wp:attachment":[{"href":"https:\/\/informacionlocal.es\/it\/wp-json\/wp\/v2\/media?parent=13795"}],"wp:term":[{"taxonomy":"category","embeddable":true,"href":"https:\/\/informacionlocal.es\/it\/wp-json\/wp\/v2\/categories?post=13795"},{"taxonomy":"post_tag","embeddable":true,"href":"https:\/\/informacionlocal.es\/it\/wp-json\/wp\/v2\/tags?post=13795"}],"curies":[{"name":"wp","href":"https:\/\/api.w.org\/{rel}","templated":true}]}}