{"id":13767,"date":"2025-11-11T12:58:25","date_gmt":"2025-11-11T12:58:25","guid":{"rendered":"https:\/\/informacionlocal.es\/pajara-impulsa-talleres-gratuitos-de-cultura-y-formacion-practica-para-jovenes-y-adultos\/"},"modified":"2025-11-11T12:58:25","modified_gmt":"2025-11-11T12:58:25","slug":"pajara-impulsa-talleres-gratuitos-de-cultura-y-formacion-practica-para-jovenes-y-adultos","status":"publish","type":"post","link":"https:\/\/informacionlocal.es\/it\/pajara-impulsa-talleres-gratuitos-de-cultura-y-formacion-practica-para-jovenes-y-adultos\/","title":{"rendered":"P\u00e1jara impulsa talleres gratuitos de cultura y formaci\u00f3n pr\u00e1ctica para j\u00f3venes y adultos\u00a0"},"content":{"rendered":"<div class=\"entry-content\">\n<p><b><i>La Concejal\u00eda de Cultura fomenta la participaci\u00f3n vecinal con una amplia oferta de cursos en jardiner\u00eda, inform\u00e1tica, fotograf\u00eda y mantenimiento dom\u00e9stico en varias localidades del municipio\u00a0<\/i><\/b><\/p>\n<p><span>El Ayuntamiento de P\u00e1jara, a trav\u00e9s de la Concejal\u00eda de Cultura, pone en marcha una nueva programaci\u00f3n de talleres gratuitos dirigidos a la poblaci\u00f3n a partir de los quince a\u00f1os, con el objetivo de fomentar la participaci\u00f3n ciudadana y la dinamizaci\u00f3n cultural en el municipio.\u00a0<\/span><\/p>\n<p><span>Los talleres, que abarcan disciplinas como jardiner\u00eda, mantenimiento dom\u00e9stico, inform\u00e1tica, fotograf\u00eda y artes creativas, se desarrollan, de lunes a jueves, en los centros culturales de Morro Jable, Costa Calma, P\u00e1jara y Card\u00f3n, con la previsi\u00f3n de ampliarse pr\u00f3ximamente a otras localidades del municipio.\u00a0<\/span><\/p>\n<p><span>Las inscripciones ya est\u00e1n abiertas y pueden realizarse directamente en los centros culturales de cada localidad, escaneando el QR disponible en los carteles o a trav\u00e9s de los enlaces habilitados:\u00a0<\/span><\/p>\n<p><span>Morro Jable (<\/span><span>https:\/\/forms.gle\/SQ3TEXTTAFitxFmN9<\/span><span>)\u00a0<\/span><\/p>\n<p><span>Costa Calma (<\/span><span>https:\/\/forms.gle\/9TTE5e9WaP6tfqpaA<\/span><span>)<\/span><\/p>\n<p><span>P\u00e1jara (<\/span><span>https:\/\/forms.gle\/jdZSWTXFzTVdz7nz8<\/span><span>)<\/span><\/p>\n<p><span>Card\u00f3n (<\/span><span>https:\/\/forms.gle\/nCMqRTJSXsyhUPE9A<\/span><span>)<\/span><span><br \/><\/span><\/p>\n<p><span>La Concejal\u00eda\u00a0 de Cultura invita a los vecinos y vecinas a participar activamente en la elecci\u00f3n de los pr\u00f3ximos talleres, donde podr\u00e1n indicar los materiales o actividades sobre las que deseen aprender y continuar form\u00e1ndose.<\/span><\/p>\n<p><img fetchpriority=\"high\" decoding=\"async\" class=\"alignnone size-medium wp-image-21220\" src=\"https:\/\/informacionlocal.es\/wp-content\/uploads\/2025\/11\/574037867_1125161933121168_6552773986764063356_n-240x300-1.jpg\" width=\"240\" height=\"300\" title=\"574037867_1125161933121168_6552773986764063356_n-240x300-1\"><img decoding=\"async\" class=\"alignnone size-medium wp-image-21224\" src=\"https:\/\/informacionlocal.es\/wp-content\/uploads\/2025\/11\/574090952_1125151963122165_7269480858158153617_n-240x300-1.jpg\" width=\"240\" height=\"300\" title=\"574090952_1125151963122165_7269480858158153617_n-240x300-1\">\u00a0<img decoding=\"async\" class=\"alignnone size-medium wp-image-21223\" src=\"https:\/\/informacionlocal.es\/wp-content\/uploads\/2025\/11\/573103130_1125155229788505_3946832117587192012_n-240x300-1.jpg\" width=\"240\" height=\"300\" title=\"573103130_1125155229788505_3946832117587192012_n-240x300-1\"><img loading=\"lazy\" decoding=\"async\" loading=\"lazy\" class=\"alignnone size-medium wp-image-21222\" src=\"https:\/\/informacionlocal.es\/wp-content\/uploads\/2025\/11\/574425622_1125158379788190_1547803394053536033_n-240x300-1.jpg\" width=\"240\" height=\"300\" title=\"574425622_1125158379788190_1547803394053536033_n-240x300-1\"><\/p>\n<\/div>\n","protected":false},"excerpt":{"rendered":"<p><i>La Concejal\u00eda de Cultura fomenta la participaci\u00f3n vecinal con una amplia oferta de cursos en jardiner\u00eda, inform\u00e1tica, fotograf\u00eda y mantenimiento dom\u00e9stico en varias localidades del municipio\u00a0<\/i><\/p>\n","protected":false},"author":1,"featured_media":13769,"comment_status":"open","ping_status":"open","sticky":false,"template":"","format":"standard","meta":{"inline_featured_image":false,"jnews-multi-image_gallery":[],"jnews_single_post":[],"jnews_primary_category":[],"jnews_social_meta":[],"jnews_override_counter":[],"jnews_post_split":[],"footnotes":""},"categories":[63],"tags":[],"class_list":["post-13767","post","type-post","status-publish","format-standard","has-post-thumbnail","hentry","category-pajara"],"jetpack_featured_media_url":"https:\/\/informacionlocal.es\/wp-content\/uploads\/2025\/11\/574950290_1125136763123685_3922854424626065559_n.jpg","_links":{"self":[{"href":"https:\/\/informacionlocal.es\/it\/wp-json\/wp\/v2\/posts\/13767","targetHints":{"allow":["GET"]}}],"collection":[{"href":"https:\/\/informacionlocal.es\/it\/wp-json\/wp\/v2\/posts"}],"about":[{"href":"https:\/\/informacionlocal.es\/it\/wp-json\/wp\/v2\/types\/post"}],"author":[{"embeddable":true,"href":"https:\/\/informacionlocal.es\/it\/wp-json\/wp\/v2\/users\/1"}],"replies":[{"embeddable":true,"href":"https:\/\/informacionlocal.es\/it\/wp-json\/wp\/v2\/comments?post=13767"}],"version-history":[{"count":0,"href":"https:\/\/informacionlocal.es\/it\/wp-json\/wp\/v2\/posts\/13767\/revisions"}],"wp:featuredmedia":[{"embeddable":true,"href":"https:\/\/informacionlocal.es\/it\/wp-json\/wp\/v2\/media\/13769"}],"wp:attachment":[{"href":"https:\/\/informacionlocal.es\/it\/wp-json\/wp\/v2\/media?parent=13767"}],"wp:term":[{"taxonomy":"category","embeddable":true,"href":"https:\/\/informacionlocal.es\/it\/wp-json\/wp\/v2\/categories?post=13767"},{"taxonomy":"post_tag","embeddable":true,"href":"https:\/\/informacionlocal.es\/it\/wp-json\/wp\/v2\/tags?post=13767"}],"curies":[{"name":"wp","href":"https:\/\/api.w.org\/{rel}","templated":true}]}}