{"id":1376,"date":"2025-04-10T17:40:36","date_gmt":"2025-04-10T17:40:36","guid":{"rendered":"https:\/\/informacionlocal.es\/lola-garcia-lelicottero-medico-basato-su-fuerteventura-sara-presto-una-realta\/"},"modified":"2025-04-14T10:17:33","modified_gmt":"2025-04-14T10:17:33","slug":"lola-garcia-lelicottero-medico-basato-su-fuerteventura-sara-presto-una-realta","status":"publish","type":"post","link":"https:\/\/informacionlocal.es\/it\/lola-garcia-lelicottero-medico-basato-su-fuerteventura-sara-presto-una-realta\/","title":{"rendered":"Lola Garc\u00eda: &#8220;L&#8217;elicottero medico basato su Fuerteventura sar\u00e0 presto una realt\u00e0&#8221;."},"content":{"rendered":"<div class=\"entry-content\"><strong>9 aprile 2025<\/strong><\/p>\n<p><strong><em>Il presidente del Cabildo ha partecipato alla riunione di lavoro con il viceministro della Sanit\u00e0, Carlos D\u00edaz, che ha annunciato che la gara d&#8217;appalto sar\u00e0 indetta entro un mese.<\/em><\/strong><\/p>\n<p>L&#8217;elicottero medico con base a Fuerteventura sar\u00e0 presto una realt\u00e0. Lo ha annunciato il Viceministro della Sanit\u00e0 del Governo delle Canarie e Direttore del Servizio Sanitario delle Canarie, Carlos D\u00edaz, alla Presidente del Cabildo, Lola Garc\u00eda, durante una riunione di lavoro tenutasi all&#8217;Ospedale Generale di Fuerteventura. <\/p>\n<p>La gara d&#8217;appalto per questo servizio non \u00e8 andata a buon fine l&#8217;anno scorso, quindi il Governo delle Canarie ha adattato il progetto e aumentato gli stanziamenti finanziari per poterlo rimettere in gara, come \u00e8 stato riferito durante l&#8217;incontro, tra meno di un mese.<\/p>\n<p>In questo modo, Lola Garc\u00eda celebra il fatto che il Dipartimento della Salute del Governo delle Isole Canarie ha riattivato una risorsa di supporto vitale che \u00e8 sempre stata una richiesta storica della societ\u00e0 di Fuerteventura e che finalmente diventer\u00e0 una realt\u00e0 a Fuerteventura.<\/p>\n<p>&#8220;Questo migliorer\u00e0 la qualit\u00e0 dell&#8217;assistenza in situazioni di emergenza&#8221;, ha spiegato il presidente dell&#8217;isola, che ha anche sottolineato la necessit\u00e0 di continuare a lavorare per ridurre le liste d&#8217;attesa sull&#8217;isola, in un incontro che ha previsto l&#8217;intervento dei direttori e dei team di gestione dei diversi ospedali pubblici dell&#8217;arcipelago e del direttore dell&#8217;Area Sanitaria di Fuerteventura, Tom\u00e1s P\u00e9rez, per analizzare i dati corrispondenti all&#8217;attivit\u00e0 di assistenza svolta da tutte le direzioni ospedaliere del SCS.<\/p>\n<p>Lola Garc\u00eda ha inoltre ribadito al Governo delle Canarie l&#8217;urgenza di avere un CAE nel sud dell&#8217;isola, che ha gi\u00e0 iniziato gli studi per poterlo mettere in gara a breve, e altri centri sanitari in tutta l&#8217;isola, auspicando che questi progetti possano essere promossi quest&#8217;anno.<\/p>\n<p>Lola Garc\u00eda sottolinea anche il significativo miglioramento della gestione dell&#8217;assistenza sanitaria a Fuerteventura con l&#8217;implementazione del visualizzatore unificato di storia clinica, che ha iniziato a funzionare quest&#8217;anno nell&#8217;Ospedale Generale di Fuerteventura e nei centri sanitari. Questo sistema consente a medici e infermieri di accedere a tutte le informazioni cliniche di un paziente in tempo reale e da qualsiasi punto dell&#8217;arcipelago, garantendo un&#8217;assistenza pi\u00f9 rapida ed efficiente. <\/p>\n<p>L&#8217;incontro ha anche fatto il punto sui pazienti che utilizzano l&#8217;unit\u00e0 di Radioterapia Oncologica dell&#8217;Ospedale Generale di Fuerteventura, istituita nel giugno 2022. Dall&#8217;inizio della sua attivit\u00e0 fino al 31 dicembre 2024, sono stati trattati 490 pazienti e sono state somministrate 6.495 sedute di radioterapia. Inoltre, in questo periodo sono state effettuate circa 3.100 visite di controllo successive.  <\/p>\n<\/div>\n","protected":false},"excerpt":{"rendered":"<p><em>Il presidente del Cabildo ha partecipato alla riunione di lavoro con il viceministro della Sanit\u00e0, Carlos D\u00edaz, che ha annunciato che la gara d&#8217;appalto sar\u00e0 indetta entro un mese.<\/em><\/p>\n","protected":false},"author":1,"featured_media":676,"comment_status":"open","ping_status":"open","sticky":false,"template":"","format":"standard","meta":{"inline_featured_image":false,"jnews-multi-image_gallery":[],"jnews_single_post":[],"jnews_primary_category":[],"jnews_social_meta":[],"jnews_override_counter":[],"jnews_post_split":[],"footnotes":""},"categories":[289],"tags":[205,238,223,257,203],"class_list":["post-1376","post","type-post","status-publish","format-standard","has-post-thumbnail","hentry","category-cabildo-it","tag-ambiente","tag-eventi","tag-fuerteventura-it","tag-salute","tag-servizi-pubblici"],"jetpack_featured_media_url":"https:\/\/informacionlocal.es\/wp-content\/uploads\/2025\/04\/1744206695-aa130a6b6c7157dc2f49bc539b403111.jpg","_links":{"self":[{"href":"https:\/\/informacionlocal.es\/it\/wp-json\/wp\/v2\/posts\/1376","targetHints":{"allow":["GET"]}}],"collection":[{"href":"https:\/\/informacionlocal.es\/it\/wp-json\/wp\/v2\/posts"}],"about":[{"href":"https:\/\/informacionlocal.es\/it\/wp-json\/wp\/v2\/types\/post"}],"author":[{"embeddable":true,"href":"https:\/\/informacionlocal.es\/it\/wp-json\/wp\/v2\/users\/1"}],"replies":[{"embeddable":true,"href":"https:\/\/informacionlocal.es\/it\/wp-json\/wp\/v2\/comments?post=1376"}],"version-history":[{"count":1,"href":"https:\/\/informacionlocal.es\/it\/wp-json\/wp\/v2\/posts\/1376\/revisions"}],"predecessor-version":[{"id":1800,"href":"https:\/\/informacionlocal.es\/it\/wp-json\/wp\/v2\/posts\/1376\/revisions\/1800"}],"wp:featuredmedia":[{"embeddable":true,"href":"https:\/\/informacionlocal.es\/it\/wp-json\/wp\/v2\/media\/676"}],"wp:attachment":[{"href":"https:\/\/informacionlocal.es\/it\/wp-json\/wp\/v2\/media?parent=1376"}],"wp:term":[{"taxonomy":"category","embeddable":true,"href":"https:\/\/informacionlocal.es\/it\/wp-json\/wp\/v2\/categories?post=1376"},{"taxonomy":"post_tag","embeddable":true,"href":"https:\/\/informacionlocal.es\/it\/wp-json\/wp\/v2\/tags?post=1376"}],"curies":[{"name":"wp","href":"https:\/\/api.w.org\/{rel}","templated":true}]}}