{"id":13755,"date":"2025-11-10T18:59:11","date_gmt":"2025-11-10T18:59:11","guid":{"rendered":"https:\/\/informacionlocal.es\/el-cinturon-de-campeon-del-mundo-en-lucha-libre-xcf-se-queda-en-antigua\/"},"modified":"2025-11-10T18:59:11","modified_gmt":"2025-11-10T18:59:11","slug":"el-cinturon-de-campeon-del-mundo-en-lucha-libre-xcf-se-queda-en-antigua","status":"publish","type":"post","link":"https:\/\/informacionlocal.es\/it\/el-cinturon-de-campeon-del-mundo-en-lucha-libre-xcf-se-queda-en-antigua\/","title":{"rendered":"El Cintur\u00f3n de Campe\u00f3n del Mundo en lucha libre XCF se queda en Antigua"},"content":{"rendered":"<div class=\"elementor-widget-container\">\n<p><strong>El Cintur\u00f3n de Campe\u00f3n del Mundo en lucha libre XCF se queda en Antigua<\/strong><\/p>\n<p><strong>\u2022 El Campe\u00f3n del Mundo XFC y todo el equipo del club de lucha AFC reciben la felicitaci\u00f3n de Antigua<\/strong><\/p>\n<p>El alcalde de Antigua, Mat\u00edas Pe\u00f1a Garc\u00eda y el concejal de Deportes Samuel Torres Mesa, han recibido y felicitado, este lunes 10 de noviembre, al Campe\u00f3n del Mundo en la World XCF, Juan Carlos Guti\u00e9rrez, arropado por su entrenador, compa\u00f1eros de equipo y familiares.<\/p>\n<p>Un importante y emotivo momento el vivido este lunes por la ma\u00f1ana en el Ayuntamiento de Antigua, cuando el Campe\u00f3n de la World Champion XCF ha explicado lo duro que es subir a esa ring y estar en las mejores condiciones f\u00edsicas y mentales, y se lo debo a mi entrenador, Luis Aday Borges, quien desde el primer momento apost\u00f3 por m\u00ed, no s\u00f3lo como deportista sino como persona, como joven con futuro y todas las posibilidades abiertas, as\u00ed como es necesario el respaldo de un equipo como el que tengo, una verdadera familia que el club de lucha AFC.<\/p>\n<p>El Club de lucha libre AFC es un equipo de superaci\u00f3n, con corta trayectoria e importantes rings ganados, afirma el alcalde, que felicitaba al campe\u00f3n, al entrenador, dese\u00e1ndoles que siguieran el mismo camino a nuevas victorias, manteniendo compa\u00f1erismo y tan buen ambiente.<\/p>\n<p>Por su parte, Samuel Torres, se\u00f1alaba la importancia de poder alzar el Cintur\u00f3n de Campe\u00f3n del Mundo de la XCF en peso 60, obtenido en el \u00faltimo combate organizado en Roma, y siendo que apenas acaban de llegar de esta Champion ya se prepara para el Open ISKA Iberico en Madrid el pr\u00f3ximo 22 de noviembre, para el que les deseo a Juan Carlos, Aday y todo el Club, much\u00edsima suerte.<\/p>\n<\/div>\n","protected":false},"excerpt":{"rendered":"<p><strong>El Cintur\u00f3n de Campe\u00f3n del Mundo en lucha libre XCF se queda en Antigua<\/strong><\/p>\n","protected":false},"author":1,"featured_media":13757,"comment_status":"open","ping_status":"open","sticky":false,"template":"","format":"standard","meta":{"inline_featured_image":false,"jnews-multi-image_gallery":[],"jnews_single_post":[],"jnews_primary_category":[],"jnews_social_meta":[],"jnews_override_counter":[],"jnews_post_split":[],"footnotes":""},"categories":[59],"tags":[],"class_list":["post-13755","post","type-post","status-publish","format-standard","has-post-thumbnail","hentry","category-antigua"],"jetpack_featured_media_url":"https:\/\/informacionlocal.es\/wp-content\/uploads\/2025\/11\/antigua-felicita-al-campeon-del-mundo-en-combate-xfc-2-scaled-1.jpg","_links":{"self":[{"href":"https:\/\/informacionlocal.es\/it\/wp-json\/wp\/v2\/posts\/13755","targetHints":{"allow":["GET"]}}],"collection":[{"href":"https:\/\/informacionlocal.es\/it\/wp-json\/wp\/v2\/posts"}],"about":[{"href":"https:\/\/informacionlocal.es\/it\/wp-json\/wp\/v2\/types\/post"}],"author":[{"embeddable":true,"href":"https:\/\/informacionlocal.es\/it\/wp-json\/wp\/v2\/users\/1"}],"replies":[{"embeddable":true,"href":"https:\/\/informacionlocal.es\/it\/wp-json\/wp\/v2\/comments?post=13755"}],"version-history":[{"count":0,"href":"https:\/\/informacionlocal.es\/it\/wp-json\/wp\/v2\/posts\/13755\/revisions"}],"wp:featuredmedia":[{"embeddable":true,"href":"https:\/\/informacionlocal.es\/it\/wp-json\/wp\/v2\/media\/13757"}],"wp:attachment":[{"href":"https:\/\/informacionlocal.es\/it\/wp-json\/wp\/v2\/media?parent=13755"}],"wp:term":[{"taxonomy":"category","embeddable":true,"href":"https:\/\/informacionlocal.es\/it\/wp-json\/wp\/v2\/categories?post=13755"},{"taxonomy":"post_tag","embeddable":true,"href":"https:\/\/informacionlocal.es\/it\/wp-json\/wp\/v2\/tags?post=13755"}],"curies":[{"name":"wp","href":"https:\/\/api.w.org\/{rel}","templated":true}]}}