{"id":13731,"date":"2025-11-10T10:58:28","date_gmt":"2025-11-10T10:58:28","guid":{"rendered":"https:\/\/informacionlocal.es\/subvenciones-genericas-en-materia-de-deportes-2025\/"},"modified":"2025-11-10T10:58:28","modified_gmt":"2025-11-10T10:58:28","slug":"subvenciones-genericas-en-materia-de-deportes-2025","status":"publish","type":"post","link":"https:\/\/informacionlocal.es\/it\/subvenciones-genericas-en-materia-de-deportes-2025\/","title":{"rendered":"Subvenciones gen\u00e9ricas en materia de deportes 2025"},"content":{"rendered":"<div class=\"entry-content\"><strong>10 noviembre, 2025<\/strong><\/p>\n<p><strong><em>El Cabildo recuerda que el plazo de justificaci\u00f3n de las<br \/>\nsubvenciones deportivas finaliza el 13 de noviembre de 2025<\/em><\/strong><\/p>\n<p>El Consejero Insular Delegado de Contrataci\u00f3n P\u00fablica, Deportes,<br \/>\nTransportes, Movilidad y Comunicaciones, Luis Gonz\u00e1lez recuerda que est\u00e1<br \/>\npublicada, desde el pasado 30 de octubre, la resoluci\u00f3n definitiva de las<br \/>\nsubvenciones en materia deportiva, de la presente anualidad, a disposici\u00f3n de<br \/>\ncualquier persona interesada.<\/p>\n<p>El contenido de dicha resoluci\u00f3n se puede consultar en el tabl\u00f3n electr\u00f3nico de la Corporaci\u00f3n insular, as\u00ed como en la p\u00e1gina Web del Cabildo: https:\/\/www.cabildofuer.es\/cabildo\/atencion-al-ciudadano\/ayudas-becas-y-subvenciones\/subvenciones-de-deportes\/2025-2\/<\/p>\n<p>Adem\u00e1s, hay que tener en cuenta que el plazo para justificar el<br \/>\ncumplimiento de los requisitos y condiciones, as\u00ed como de la realizaci\u00f3n de la<br \/>\nactividad y finalidad que determina la concesi\u00f3n de dicha subvenci\u00f3n, finaliza<br \/>\nel pr\u00f3ximo jueves 13 de noviembre, record\u00e1ndose asimismo que los proyectos<br \/>\nobjeto de subvenci\u00f3n est\u00e1n sujetos al per\u00edodo de ejecuci\u00f3n previsto del 18 de octubre<br \/>\nde 2024 a 13 de octubre de 2025.<\/p>\n<p>Las personas f\u00edsicas y entidades deportivas interesadas que opten<br \/>\no deban interactuar con el Cabildo de manera telem\u00e1tica, deber\u00e1n presentar la<br \/>\ncorrespondiente justificaci\u00f3n, a trav\u00e9s del registro electr\u00f3nico de la Sede, o<br \/>\nde manera presencial en cualquier oficina de registro si son personas f\u00edsicas,<br \/>\nseg\u00fan lo previsto en la Ley 39\/2015, de 1 de octubre, del Procedimiento Administrativo<br \/>\nCom\u00fan de las Administraciones P\u00fablicas.<\/p>\n<p>Para obtener m\u00e1s informaci\u00f3n al respecto hay que dirigirse a la Consejer\u00eda de Deportes del Cabildo Insular, a trav\u00e9s del tel\u00e9fono 928 86 24 00 o acudiendo a sus dependencias con cita previa (https:\/\/citaprevia.cabildofuer.es\/citaprevia\/?idCliente=2), situadas en el n\u00famero 1 de la calle Doctor Fleming de Puerto del Rosario.<\/p>\n<\/div>\n","protected":false},"excerpt":{"rendered":"<p>10 noviembre, 2025 El Cabildo recuerda que el plazo de justificaci\u00f3n de las subvenciones deportivas finaliza el 13 de noviembre de 2025 El Consejero Insular Delegado de Contrataci\u00f3n P\u00fablica, Deportes, [&hellip;]<\/p>\n","protected":false},"author":1,"featured_media":13733,"comment_status":"open","ping_status":"open","sticky":false,"template":"","format":"standard","meta":{"inline_featured_image":false,"jnews-multi-image_gallery":[],"jnews_single_post":[],"jnews_primary_category":[],"jnews_social_meta":[],"jnews_override_counter":[],"jnews_post_split":[],"footnotes":""},"categories":[58],"tags":[310],"class_list":["post-13731","post","type-post","status-publish","format-standard","has-post-thumbnail","hentry","category-cabildo","tag-deportes"],"jetpack_featured_media_url":"https:\/\/informacionlocal.es\/wp-content\/uploads\/2025\/11\/subvenciones-genc3a9ricas-deportes.jpeg","_links":{"self":[{"href":"https:\/\/informacionlocal.es\/it\/wp-json\/wp\/v2\/posts\/13731","targetHints":{"allow":["GET"]}}],"collection":[{"href":"https:\/\/informacionlocal.es\/it\/wp-json\/wp\/v2\/posts"}],"about":[{"href":"https:\/\/informacionlocal.es\/it\/wp-json\/wp\/v2\/types\/post"}],"author":[{"embeddable":true,"href":"https:\/\/informacionlocal.es\/it\/wp-json\/wp\/v2\/users\/1"}],"replies":[{"embeddable":true,"href":"https:\/\/informacionlocal.es\/it\/wp-json\/wp\/v2\/comments?post=13731"}],"version-history":[{"count":0,"href":"https:\/\/informacionlocal.es\/it\/wp-json\/wp\/v2\/posts\/13731\/revisions"}],"wp:featuredmedia":[{"embeddable":true,"href":"https:\/\/informacionlocal.es\/it\/wp-json\/wp\/v2\/media\/13733"}],"wp:attachment":[{"href":"https:\/\/informacionlocal.es\/it\/wp-json\/wp\/v2\/media?parent=13731"}],"wp:term":[{"taxonomy":"category","embeddable":true,"href":"https:\/\/informacionlocal.es\/it\/wp-json\/wp\/v2\/categories?post=13731"},{"taxonomy":"post_tag","embeddable":true,"href":"https:\/\/informacionlocal.es\/it\/wp-json\/wp\/v2\/tags?post=13731"}],"curies":[{"name":"wp","href":"https:\/\/api.w.org\/{rel}","templated":true}]}}