{"id":13697,"date":"2025-11-07T18:58:43","date_gmt":"2025-11-07T18:58:43","guid":{"rendered":"https:\/\/informacionlocal.es\/puerto-del-rosario-abre-el-plazo-para-solicitar-la-instalacion-de-ventorrillos-y-atracciones-en-el-recinto-ferial-durante-el-carnaval-2026\/"},"modified":"2025-11-07T18:58:43","modified_gmt":"2025-11-07T18:58:43","slug":"puerto-del-rosario-abre-el-plazo-para-solicitar-la-instalacion-de-ventorrillos-y-atracciones-en-el-recinto-ferial-durante-el-carnaval-2026","status":"publish","type":"post","link":"https:\/\/informacionlocal.es\/it\/puerto-del-rosario-abre-el-plazo-para-solicitar-la-instalacion-de-ventorrillos-y-atracciones-en-el-recinto-ferial-durante-el-carnaval-2026\/","title":{"rendered":"Puerto del Rosario abre el plazo para solicitar la instalaci\u00f3n de ventorrillos y atracciones en el Recinto Ferial durante el Carnaval 2026"},"content":{"rendered":"<div class=\"entry-content\">\n<ul>\n<li><span><strong>El Carnaval capitalino se celebrar\u00e1 del 6 al 22 de febrero bajo la alegor\u00eda \u2018El mundo de los musicales\u2019<\/strong><\/span><\/li>\n<\/ul>\n<p><span><strong>En Puerto del Rosario, a 7 de noviembre de 2025.-<\/strong> El Ayuntamiento de Puerto del Rosario informa de la apertura del plazo para solicitar la instalaci\u00f3n de ventorrillos y atracciones de feria durante la celebraci\u00f3n del Carnaval 2026, que se desarrollar\u00e1 del 6 al 22 de febrero en el Recinto Ferial de la capital majorera.<\/span><\/p>\n<p><span>Las personas interesadas, colectivos sin \u00e1nimo de lucro o profesionales que deseen montar sus puestos o atracciones deber\u00e1n presentar la correspondiente solicitud de autorizaci\u00f3n municipal entre los d\u00edas 10 y 17 de noviembre de 2025, ambos inclusive, a trav\u00e9s del Registro de Entrada del Ayuntamiento o por cualquiera de los medios previstos en la Ley 39\/2015, de Procedimiento Administrativo Com\u00fan.<\/span><\/p>\n<p><span>Las solicitudes deber\u00e1n ir acompa\u00f1adas de la documentaci\u00f3n indicada en las bases aprobadas por la corporaci\u00f3n, disponibles para su consulta en el \u00e1rea tem\u00e1tica de Festejos de la p\u00e1gina web municipal: www.puertodelrosario.org.<\/span><\/p>\n<p><span>Desde el \u00e1rea de Festejos se recuerda que estas bases regulan tanto la autorizaci\u00f3n temporal de ocupaci\u00f3n del espacio p\u00fablico como los criterios de adjudicaci\u00f3n, documentaci\u00f3n t\u00e9cnica y requisitos de seguridad necesarios para la instalaci\u00f3n de cada puesto o atracci\u00f3n.<\/span><\/p>\n<p><span>El Ayuntamiento invita a participar a todas aquellas personas y entidades que cada a\u00f1o contribuyen a dar vida al Recinto Ferial, generando un espacio de convivencia, gastronom\u00eda y diversi\u00f3n que forma parte esencial del Carnaval de Puerto del Rosario.<\/span><\/p>\n<\/div>\n","protected":false},"excerpt":{"rendered":"<p>El Carnaval capitalino se celebrar\u00e1 del 6 al 22 de febrero bajo la alegor\u00eda \u2018El mundo de los musicales\u2019 En Puerto del Rosario, a 7 de noviembre de 2025.- El [&hellip;]<\/p>\n","protected":false},"author":1,"featured_media":13699,"comment_status":"open","ping_status":"open","sticky":false,"template":"","format":"standard","meta":{"inline_featured_image":false,"jnews-multi-image_gallery":[],"jnews_single_post":[],"jnews_primary_category":[],"jnews_social_meta":[],"jnews_override_counter":[],"jnews_post_split":[],"footnotes":""},"categories":[61],"tags":[],"class_list":["post-13697","post","type-post","status-publish","format-standard","has-post-thumbnail","hentry","category-puerto-del-rosario"],"jetpack_featured_media_url":"https:\/\/informacionlocal.es\/wp-content\/uploads\/2025\/11\/ventorrillos-1.png","_links":{"self":[{"href":"https:\/\/informacionlocal.es\/it\/wp-json\/wp\/v2\/posts\/13697","targetHints":{"allow":["GET"]}}],"collection":[{"href":"https:\/\/informacionlocal.es\/it\/wp-json\/wp\/v2\/posts"}],"about":[{"href":"https:\/\/informacionlocal.es\/it\/wp-json\/wp\/v2\/types\/post"}],"author":[{"embeddable":true,"href":"https:\/\/informacionlocal.es\/it\/wp-json\/wp\/v2\/users\/1"}],"replies":[{"embeddable":true,"href":"https:\/\/informacionlocal.es\/it\/wp-json\/wp\/v2\/comments?post=13697"}],"version-history":[{"count":0,"href":"https:\/\/informacionlocal.es\/it\/wp-json\/wp\/v2\/posts\/13697\/revisions"}],"wp:featuredmedia":[{"embeddable":true,"href":"https:\/\/informacionlocal.es\/it\/wp-json\/wp\/v2\/media\/13699"}],"wp:attachment":[{"href":"https:\/\/informacionlocal.es\/it\/wp-json\/wp\/v2\/media?parent=13697"}],"wp:term":[{"taxonomy":"category","embeddable":true,"href":"https:\/\/informacionlocal.es\/it\/wp-json\/wp\/v2\/categories?post=13697"},{"taxonomy":"post_tag","embeddable":true,"href":"https:\/\/informacionlocal.es\/it\/wp-json\/wp\/v2\/tags?post=13697"}],"curies":[{"name":"wp","href":"https:\/\/api.w.org\/{rel}","templated":true}]}}