{"id":1367,"date":"2025-04-10T19:06:53","date_gmt":"2025-04-10T19:06:53","guid":{"rendered":"https:\/\/informacionlocal.es\/la-filmoteca-canaria-presenta-una-mostra-dedicata-ai-manifesti-cinematografici-classici\/"},"modified":"2025-04-14T10:19:59","modified_gmt":"2025-04-14T10:19:59","slug":"la-filmoteca-canaria-presenta-una-mostra-dedicata-ai-manifesti-cinematografici-classici","status":"publish","type":"post","link":"https:\/\/informacionlocal.es\/it\/la-filmoteca-canaria-presenta-una-mostra-dedicata-ai-manifesti-cinematografici-classici\/","title":{"rendered":"La Filmoteca Canaria presenta una mostra dedicata ai manifesti cinematografici classici"},"content":{"rendered":"<div class=\"entry-content\"><strong>9 aprile 2025<\/strong><\/p>\n<p><strong>&#8220;Immagini che contano. Stereotipi culturali nel manifesto cinematografico classico&#8221; sar\u00e0 aperta al pubblico dall&#8217;11 aprile al 4 maggio presso il Palacio de Formaci\u00f3n y Congresos di Fuerteventura.<\/strong><\/p>\n<p><strong> <\/strong><strong>In omaggio all&#8217;artista Pepe D\u00e1maso, saranno esposte le locandine dei film di finzione da lui diretti, &#8220;Umbr\u00eda&#8221; e &#8220;R\u00e9quiem para un absurdo&#8221;.<\/strong><\/p>\n<p>Con la mostra &#8220;Immagini che contano. Stereotipi culturali nel manifesto cinematografico classico&#8221;, il Governo delle Isole Canarie, in coordinamento con il Dipartimento di Cultura del Consiglio dell&#8217;Isola di Fuerteventura, invita il pubblico a scoprire l&#8217;evoluzione storica del cinema e il suo impatto sulla societ\u00e0 attraverso una selezione di quaranta manifesti del XX secolo provenienti dalla collezione della Filmoteca Canaria. La mostra, curata dalla ricercatrice Goretti Garc\u00eda, sar\u00e0 esposta da venerd\u00ec 11 aprile fino al 4 maggio nella Sala Chillida del Centro di formazione e conferenze di Fuerteventura (Puerto del Rosario). <\/p>\n<p>Dopo aver visitato il Museo Ag\u00e1ldar di Gran Canaria e l&#8217;Ermita de San Miguel di Tenerife, la mostra itinerante si sposta a Fuerteventura nell&#8217;ambito del 40\u00b0 anniversario della creazione della Filmoteca Canaria. L&#8217;Unit\u00e0 per il Patrimonio dell&#8217;Istituto per lo Sviluppo Culturale delle Isole Canarie (ICDC) organizza questa mostra per diffondere l&#8217;importanza storica e culturale dei manifesti cinematografici non solo come strumenti pubblicitari, ma anche come riflesso della societ\u00e0 dell&#8217;epoca. <\/p>\n<p>La ricchezza visiva delle opere di famosi cartellonisti come Jano, Solig\u00f3, Mataix, Albericio e A. Peris esemplifica l&#8217;evoluzione degli stili artistici e delle strategie di marketing cinematografico per catturare l&#8217;attenzione del pubblico, provocando un&#8217;innegabile influenza sulla cultura popolare.<\/p>\n<p>In questo senso, questa collezione di manifesti va oltre lo scopo pubblicitario: sono riproduzioni di stereotipi culturali, mode e costumi sociali. Sentimenti come l&#8217;amore, l&#8217;odio, l&#8217;amicizia, la gioia o la tristezza sono resi visibili nei manifesti cinematografici attraverso l&#8217;immagine, il colore e la tipografia come potente veicolo di trasmissione ed espressione. <\/p>\n<p>Vale la pena sottolineare che la mostra \u00e8 accompagnata da un catalogo che contiene la ricerca della curatrice Goretti Garc\u00eda su questi beni patrimoniali che fanno parte della produzione e della diffusione di un film. Per misurare la portata dell&#8217;influenza dei manifesti cinematografici sull&#8217;identit\u00e0 culturale, l&#8217;autrice analizza la configurazione di caratteristiche e clich\u00e9 basati su elementi e modelli importati attraverso la settima arte. <\/p>\n<p><strong>Omaggio a Pepe D\u00e1maso<\/strong><\/p>\n<p>In omaggio al pittore e regista Pepe D\u00e1maso, sono stati recuperati i manifesti degli unici due film di finzione da lui diretti, &#8220;La Umbr\u00eda&#8221; e &#8220;R\u00e9quiem para un absurdo&#8221;. Questi pezzi realizzati dall&#8217;artista stesso non sono semplici manifesti ma vere e proprie opere d&#8217;arte che riflettono la personalissima visione estetica di D\u00e1maso. <\/p>\n<p>Attraverso un linguaggio visivo carico di simbolismo, l&#8217;artista affronta temi universali come la morte e l&#8217;assurdit\u00e0 dell&#8217;esistenza umana. Entrambe le opere riflettono aspetti molto caratteristici dell&#8217;immaginario del &#8220;pittore di teschi&#8221; e vincitore del Premio delle Belle Arti delle Canarie nel 1996. <\/p>\n<p>Gli orari di apertura del Palacio de Formaci\u00f3n y Congresos de Fuerteventura per visitare la mostra, dall&#8217;11 aprile al 4 maggio, sono dal luned\u00ec alla domenica dalle 10:00 alle 20:00 con ingresso gratuito fino al raggiungimento della capienza massima.<\/p>\n<\/div>\n","protected":false},"excerpt":{"rendered":"<p>9 aprile 2025 &#8220;Immagini che contano. Stereotipi culturali nel manifesto cinematografico classico&#8221; sar\u00e0 aperta al pubblico dall&#8217;11 aprile al 4 maggio presso il Palacio de Formaci\u00f3n y Congresos di Fuerteventura. [&hellip;]<\/p>\n","protected":false},"author":1,"featured_media":691,"comment_status":"open","ping_status":"open","sticky":false,"template":"","format":"standard","meta":{"inline_featured_image":false,"jnews-multi-image_gallery":[],"jnews_single_post":[],"jnews_primary_category":[],"jnews_social_meta":[],"jnews_override_counter":[],"jnews_post_split":[],"footnotes":""},"categories":[295],"tags":[224,238,223],"class_list":["post-1367","post","type-post","status-publish","format-standard","has-post-thumbnail","hentry","category-puerto-del-rosario-it","tag-cultura-e-tempo-libero","tag-eventi","tag-fuerteventura-it"],"jetpack_featured_media_url":"https:\/\/informacionlocal.es\/wp-content\/uploads\/2025\/04\/imagenes-que-cuentan.jpeg","_links":{"self":[{"href":"https:\/\/informacionlocal.es\/it\/wp-json\/wp\/v2\/posts\/1367","targetHints":{"allow":["GET"]}}],"collection":[{"href":"https:\/\/informacionlocal.es\/it\/wp-json\/wp\/v2\/posts"}],"about":[{"href":"https:\/\/informacionlocal.es\/it\/wp-json\/wp\/v2\/types\/post"}],"author":[{"embeddable":true,"href":"https:\/\/informacionlocal.es\/it\/wp-json\/wp\/v2\/users\/1"}],"replies":[{"embeddable":true,"href":"https:\/\/informacionlocal.es\/it\/wp-json\/wp\/v2\/comments?post=1367"}],"version-history":[{"count":1,"href":"https:\/\/informacionlocal.es\/it\/wp-json\/wp\/v2\/posts\/1367\/revisions"}],"predecessor-version":[{"id":1870,"href":"https:\/\/informacionlocal.es\/it\/wp-json\/wp\/v2\/posts\/1367\/revisions\/1870"}],"wp:featuredmedia":[{"embeddable":true,"href":"https:\/\/informacionlocal.es\/it\/wp-json\/wp\/v2\/media\/691"}],"wp:attachment":[{"href":"https:\/\/informacionlocal.es\/it\/wp-json\/wp\/v2\/media?parent=1367"}],"wp:term":[{"taxonomy":"category","embeddable":true,"href":"https:\/\/informacionlocal.es\/it\/wp-json\/wp\/v2\/categories?post=1367"},{"taxonomy":"post_tag","embeddable":true,"href":"https:\/\/informacionlocal.es\/it\/wp-json\/wp\/v2\/tags?post=1367"}],"curies":[{"name":"wp","href":"https:\/\/api.w.org\/{rel}","templated":true}]}}