{"id":13621,"date":"2025-11-06T18:58:42","date_gmt":"2025-11-06T18:58:42","guid":{"rendered":"https:\/\/informacionlocal.es\/anclajes-y-estructuras-comienzan-a-dar-cuerpo-al-v-encuentro-y-venta-de-artesania-fuerteventura\/"},"modified":"2025-11-06T18:58:42","modified_gmt":"2025-11-06T18:58:42","slug":"anclajes-y-estructuras-comienzan-a-dar-cuerpo-al-v-encuentro-y-venta-de-artesania-fuerteventura","status":"publish","type":"post","link":"https:\/\/informacionlocal.es\/it\/anclajes-y-estructuras-comienzan-a-dar-cuerpo-al-v-encuentro-y-venta-de-artesania-fuerteventura\/","title":{"rendered":"Anclajes y estructuras comienzan a dar cuerpo al V Encuentro y Venta de Artesan\u00eda Fuerteventura"},"content":{"rendered":"<div class=\"elementor-widget-container\">\n<p><strong>Anclajes y estructuras comienzan a dar cuerpo al V Encuentro y Venta de Artesan\u00eda Fuerteventura<\/strong><\/p>\n<p><strong>\u2022 El s\u00e1bado 15 y domingo 16 de noviembre Antigua celebra el V Encuentro y Venta de Artesan\u00eda Fuerteventura con m\u00e1s de una treintena de artesanas y artesanos de oficio participantes. <\/strong><br \/><strong>\u2022 El Encuentro y Venta de Artesan\u00eda es impulsado por el Ayuntamiento de Antigua y el Colectivo Mafasca a petici\u00f3n del sector en la isla para impulsar su econom\u00eda y respaldar la permanencia del oficio artesanal. <\/strong><br \/><strong>\u2022 Regala artesan\u00eda en Navidad sigue siendo el eslogan para promocionar el mejor detalle tradicional o de vanguardia hecho a mano en nobles materiales como el barro, la plata, la palma, la seda, cer\u00e1mica, el cuero, el hilo, la madera\u2026<\/strong><\/p>\n<p>El Ayuntamiento de Antigua ha iniciado los trabajos de montaje de puestos y acondicionamiento de la plaza principal, que acoger\u00e1 el s\u00e1bado 15 y domingo 16 de noviembre la quinta edici\u00f3n del Encuentro y Venta de Artesan\u00eda Fuerteventura, organizado desde la concejal\u00eda de Cultura junto con la Fundaci\u00f3n Colectivo Mafasca, afirma el alcalde, Mat\u00edas Pe\u00f1a Garc\u00eda.<\/p>\n<p>Una treintena de artesanas y artesanos de la isla con carnet de oficio en trabajos elaborados con materias primas, que en sus manos, moldeados y con su paciencia y disciplina profesional permiten obtener en dise\u00f1os tradicionales o de vanguardia, los resultados m\u00e1s elegantes, sorprendentes o bellos, y a\u00f1ade el concejal de Cultura, Jonathan Pe\u00f1a, sin duda, el mejor obsequio para regalar en Navidad.<\/p>\n<p>A los puestos de artesan\u00eda, se suman las carpas destinadas a impartir gratuitamente los Talleres de Artesan\u00eda, en los que toda la familia, desde grandes a peque\u00f1os podr\u00e1n aprender a elaborar pulseras de macram\u00e9, bolsitas o cinturones de cuero, moldear barro, crear mosaicos, y mucho m\u00e1s.<\/p>\n<p>No faltar\u00e1n tampoco las actuaciones musicales que acompa\u00f1en ma\u00f1ana y tarde de s\u00e1bado y domingo, esta cita principal en Fuerteventura, el Encuentro y Venta de Artesan\u00eda, donde nuestras costumbres e historia son reflejadas en cada trabajo expuesto, concluye el concejal.<\/p>\n<p>\u00a0<\/p>\n<\/div>\n","protected":false},"excerpt":{"rendered":"<p><strong>Anclajes y estructuras comienzan a dar cuerpo al V Encuentro y Venta de Artesan\u00eda Fuerteventura<\/strong><\/p>\n","protected":false},"author":1,"featured_media":13623,"comment_status":"open","ping_status":"open","sticky":false,"template":"","format":"standard","meta":{"inline_featured_image":false,"jnews-multi-image_gallery":[],"jnews_single_post":[],"jnews_primary_category":[],"jnews_social_meta":[],"jnews_override_counter":[],"jnews_post_split":[],"footnotes":""},"categories":[59],"tags":[82],"class_list":["post-13621","post","type-post","status-publish","format-standard","has-post-thumbnail","hentry","category-antigua","tag-fuerteventura"],"jetpack_featured_media_url":"https:\/\/informacionlocal.es\/wp-content\/uploads\/2025\/11\/cartelartesania2025-scaled-1.jpg","_links":{"self":[{"href":"https:\/\/informacionlocal.es\/it\/wp-json\/wp\/v2\/posts\/13621","targetHints":{"allow":["GET"]}}],"collection":[{"href":"https:\/\/informacionlocal.es\/it\/wp-json\/wp\/v2\/posts"}],"about":[{"href":"https:\/\/informacionlocal.es\/it\/wp-json\/wp\/v2\/types\/post"}],"author":[{"embeddable":true,"href":"https:\/\/informacionlocal.es\/it\/wp-json\/wp\/v2\/users\/1"}],"replies":[{"embeddable":true,"href":"https:\/\/informacionlocal.es\/it\/wp-json\/wp\/v2\/comments?post=13621"}],"version-history":[{"count":0,"href":"https:\/\/informacionlocal.es\/it\/wp-json\/wp\/v2\/posts\/13621\/revisions"}],"wp:featuredmedia":[{"embeddable":true,"href":"https:\/\/informacionlocal.es\/it\/wp-json\/wp\/v2\/media\/13623"}],"wp:attachment":[{"href":"https:\/\/informacionlocal.es\/it\/wp-json\/wp\/v2\/media?parent=13621"}],"wp:term":[{"taxonomy":"category","embeddable":true,"href":"https:\/\/informacionlocal.es\/it\/wp-json\/wp\/v2\/categories?post=13621"},{"taxonomy":"post_tag","embeddable":true,"href":"https:\/\/informacionlocal.es\/it\/wp-json\/wp\/v2\/tags?post=13621"}],"curies":[{"name":"wp","href":"https:\/\/api.w.org\/{rel}","templated":true}]}}