{"id":1361,"date":"2025-04-10T19:04:54","date_gmt":"2025-04-10T19:04:54","guid":{"rendered":"https:\/\/informacionlocal.es\/morro-jable-si-prepara-a-ricevere-le-riprese-dellultimo-episodio-di-reina-del-flow\/"},"modified":"2025-04-14T10:17:32","modified_gmt":"2025-04-14T10:17:32","slug":"morro-jable-si-prepara-a-ricevere-le-riprese-dellultimo-episodio-di-reina-del-flow","status":"publish","type":"post","link":"https:\/\/informacionlocal.es\/it\/morro-jable-si-prepara-a-ricevere-le-riprese-dellultimo-episodio-di-reina-del-flow\/","title":{"rendered":"Morro Jable si prepara a ricevere le riprese dell&#8217;ultimo episodio di &#8220;Reina del Flow&#8221;."},"content":{"rendered":"<div class=\"entry-content\">\n<p><b><i>La spiaggia del Matorral sar\u00e0 lo scenario di uno degli eventi musicali dell&#8217;anno il 2 aprile alle ore 14:00.  <\/i><\/b><\/p>\n<p><span>Questa mattina il Municipio di P\u00e1jara ha tenuto una riunione di sicurezza per coordinare le riprese dell&#8217;ultimo episodio della serie di successo &#8220;La Reina del Flow&#8221;. Il prossimo mercoled\u00ec 2 aprile, a partire dalle ore 14:00, la spiaggia di El Matorral a Morro Jable diventer\u00e0 il luogo in cui i fan della serie potranno partecipare alle riprese. <\/span><\/p>\n<p><span>Il Cabildo de Fuerteventura, attraverso il suo Dipartimento della Giovent\u00f9, in collaborazione con la societ\u00e0 di produzione DN 7 Music e il Municipio di P\u00e1jara, ha reso possibile la celebrazione di quello che sar\u00e0 uno degli eventi pi\u00f9 importanti dell&#8217;anno nelle Isole Canarie.  <\/span><\/p>\n<p><span>L&#8217;Assessore alla Cultura, Raquel Acosta, sottolinea che questo tipo di produzione non solo mette il comune di P\u00e1jara sulla mappa, ma contribuisce anche ad aumentare la cultura e il turismo nella citt\u00e0. &#8220;Incoraggiamo tutti i residenti e i visitatori a partecipare a questa esperienza unica e a godersi l&#8217;opportunit\u00e0 di far parte di un film di questa portata&#8221;, aggiunge.   <\/span><\/p>\n<p><span>Da parte sua, il sindaco di P\u00e1jara, Alejandro Jorge, sottolinea l&#8217;importanza di questo tipo di produzioni che puntano sul comune per le proiezioni cinematografiche. &#8220;\u00c8 senza dubbio un passo che ci consolida come destinazione per questo tipo di eventi&#8221;, afferma.   <\/span><\/p>\n<p><span>L&#8217;assessore alla Giovent\u00f9 del Cabildo di Fuerteventura, Adargoma Hern\u00e1ndez, ha espresso la sua gratitudine per la disponibilit\u00e0 del Municipio. &#8220;In tempi record \u00e8 stato possibile registrare l&#8217;ultimo capitolo della stagione di una delle serie in lingua spagnola pi\u00f9 importanti al mondo, un&#8217;opportunit\u00e0 che non potevamo lasciarci sfuggire&#8221;.   <\/span><\/p>\n<p><span>La partecipazione alle riprese \u00e8 gratuita, tuttavia i partecipanti sono tenuti a rispettare alcuni requisiti di guardaroba, come ad esempio non indossare abiti con marchi commerciali visibili, per evitare conflitti con i diritti di immagine durante le riprese. Inoltre, partecipando all&#8217;evento, i partecipanti autorizzano l&#8217;uso delle immagini catturate durante le riprese, che consentiranno loro di far parte del cast della serie.   <\/span><\/p>\n<div>Condividi<\/div>\n<\/div>\n","protected":false},"excerpt":{"rendered":"<p><i>La spiaggia del Matorral sar\u00e0 lo scenario di uno degli eventi musicali dell&#8217;anno il 2 aprile alle ore 14:00.  <\/i><\/p>\n","protected":false},"author":1,"featured_media":688,"comment_status":"open","ping_status":"open","sticky":false,"template":"","format":"standard","meta":{"inline_featured_image":false,"jnews-multi-image_gallery":[],"jnews_single_post":[],"jnews_primary_category":[],"jnews_social_meta":[],"jnews_override_counter":[],"jnews_post_split":[],"footnotes":""},"categories":[289],"tags":[202,224,238,223],"class_list":["post-1361","post","type-post","status-publish","format-standard","has-post-thumbnail","hentry","category-cabildo-it","tag-comuni","tag-cultura-e-tempo-libero","tag-eventi","tag-fuerteventura-it"],"jetpack_featured_media_url":"https:\/\/informacionlocal.es\/wp-content\/uploads\/2025\/04\/junta-de-seguridad-2-e1743169843144.jpeg","_links":{"self":[{"href":"https:\/\/informacionlocal.es\/it\/wp-json\/wp\/v2\/posts\/1361","targetHints":{"allow":["GET"]}}],"collection":[{"href":"https:\/\/informacionlocal.es\/it\/wp-json\/wp\/v2\/posts"}],"about":[{"href":"https:\/\/informacionlocal.es\/it\/wp-json\/wp\/v2\/types\/post"}],"author":[{"embeddable":true,"href":"https:\/\/informacionlocal.es\/it\/wp-json\/wp\/v2\/users\/1"}],"replies":[{"embeddable":true,"href":"https:\/\/informacionlocal.es\/it\/wp-json\/wp\/v2\/comments?post=1361"}],"version-history":[{"count":1,"href":"https:\/\/informacionlocal.es\/it\/wp-json\/wp\/v2\/posts\/1361\/revisions"}],"predecessor-version":[{"id":1798,"href":"https:\/\/informacionlocal.es\/it\/wp-json\/wp\/v2\/posts\/1361\/revisions\/1798"}],"wp:featuredmedia":[{"embeddable":true,"href":"https:\/\/informacionlocal.es\/it\/wp-json\/wp\/v2\/media\/688"}],"wp:attachment":[{"href":"https:\/\/informacionlocal.es\/it\/wp-json\/wp\/v2\/media?parent=1361"}],"wp:term":[{"taxonomy":"category","embeddable":true,"href":"https:\/\/informacionlocal.es\/it\/wp-json\/wp\/v2\/categories?post=1361"},{"taxonomy":"post_tag","embeddable":true,"href":"https:\/\/informacionlocal.es\/it\/wp-json\/wp\/v2\/tags?post=1361"}],"curies":[{"name":"wp","href":"https:\/\/api.w.org\/{rel}","templated":true}]}}