{"id":13581,"date":"2025-11-06T14:58:45","date_gmt":"2025-11-06T14:58:45","guid":{"rendered":"https:\/\/informacionlocal.es\/abre-el-plazo-para-la-solicitud-de-ventorrillos-para-la-fiesta-de-fin-de-ano-en-la-plaza-de-la-paz\/"},"modified":"2025-11-06T14:58:45","modified_gmt":"2025-11-06T14:58:45","slug":"abre-el-plazo-para-la-solicitud-de-ventorrillos-para-la-fiesta-de-fin-de-ano-en-la-plaza-de-la-paz","status":"publish","type":"post","link":"https:\/\/informacionlocal.es\/it\/abre-el-plazo-para-la-solicitud-de-ventorrillos-para-la-fiesta-de-fin-de-ano-en-la-plaza-de-la-paz\/","title":{"rendered":"Abre el plazo para la solicitud de ventorrillos para la fiesta de fin de a\u00f1o en la Plaza de la Paz"},"content":{"rendered":"<div class=\"entry-content\">\n<ul>\n<li><span><strong>Las solicitudes se podr\u00e1n presentar desde el 10 hasta el 13 de noviembre por Registro de Entrada junto a la documentaci\u00f3n requerida<\/strong><strong>\u00a0<\/strong><\/span><\/li>\n<\/ul>\n<p><span><strong>En Puerto del Rosario, a 6 de noviembre de 2025.-<\/strong> El Ayuntamiento de Puerto del Rosario informa que desde el pr\u00f3ximo lunes, 10 de noviembre, y hasta el 13 de noviembre, permanecer\u00e1 abierto el plazo para presentar la solicitud y documentaci\u00f3n requerida para la instalaci\u00f3n de ventorrillos en la fiesta de fin de a\u00f1o que se celebrar\u00e1 en la Plaza de la Paz.<\/span><\/p>\n<p><span>Podr\u00e1n participar personas aut\u00f3nomas, colectivos o entidades sin \u00e1nimo de lucro que cumplan los requisitos establecidos en las bases, disponibles para consulta y descarga en la p\u00e1gina web del Ayuntamiento.<\/span><\/p>\n<p><span>Cada solicitud deber\u00e1 acompa\u00f1arse de la documentaci\u00f3n exigida, entre la que se incluye:<\/span><\/p>\n<ul>\n<li><span>DNI del titular o representante.<\/span><\/li>\n<li><span>Justificante de alta en la Seguridad Social y en el censo de actividades econ\u00f3micas.<\/span><\/li>\n<li><span>Seguro de responsabilidad civil con cobertura m\u00ednima de 600.000 euros.<\/span><\/li>\n<li><span>Carn\u00e9 de manipulador de alimentos.<\/span><\/li>\n<li><span>Certificados en vigor de instalaciones el\u00e9ctricas, de gas y contra incendios.<\/span><\/li>\n<li><span>Declaraci\u00f3n responsable seg\u00fan el modelo anexo.<\/span><\/li>\n<li><span>En el caso de asociaciones, documentaci\u00f3n acreditativa de su inscripci\u00f3n y destino de beneficios a fines sociales.<\/span><\/li>\n<\/ul>\n<p><span>Una vez cerrado el plazo, las solicitudes ser\u00e1n revisadas conforme a los criterios establecidos en las bases: prioridad para titulares con domicilio social en Puerto del Rosario, seguidos de los procedentes de otros municipios y, finalmente, entidades sin \u00e1nimo de lucro.<\/span><\/p>\n<p><span>La adjudicaci\u00f3n de los emplazamientos se realizar\u00e1 atendiendo a la antig\u00fcedad en la participaci\u00f3n en fiestas anteriores o, en caso de empate, mediante sorteo p\u00fablico.<\/span><\/p>\n<p><span>Para resolver cualquier duda o ampliar informaci\u00f3n, las personas interesadas pueden contactar con la Concejal\u00eda de Festejos en el tel\u00e9fono 928 85 01 10, extensi\u00f3n 143.<\/span><\/p>\n<\/div>\n","protected":false},"excerpt":{"rendered":"<p>Las solicitudes se podr\u00e1n presentar desde el 10 hasta el 13 de noviembre por Registro de Entrada junto a la documentaci\u00f3n requerida\u00a0 En Puerto del Rosario, a 6 de noviembre [&hellip;]<\/p>\n","protected":false},"author":1,"featured_media":13583,"comment_status":"open","ping_status":"open","sticky":false,"template":"","format":"standard","meta":{"inline_featured_image":false,"jnews-multi-image_gallery":[],"jnews_single_post":[],"jnews_primary_category":[],"jnews_social_meta":[],"jnews_override_counter":[],"jnews_post_split":[],"footnotes":""},"categories":[61],"tags":[65],"class_list":["post-13581","post","type-post","status-publish","format-standard","has-post-thumbnail","hentry","category-puerto-del-rosario","tag-municipios"],"jetpack_featured_media_url":"https:\/\/informacionlocal.es\/wp-content\/uploads\/2025\/11\/ventorrillos.png","_links":{"self":[{"href":"https:\/\/informacionlocal.es\/it\/wp-json\/wp\/v2\/posts\/13581","targetHints":{"allow":["GET"]}}],"collection":[{"href":"https:\/\/informacionlocal.es\/it\/wp-json\/wp\/v2\/posts"}],"about":[{"href":"https:\/\/informacionlocal.es\/it\/wp-json\/wp\/v2\/types\/post"}],"author":[{"embeddable":true,"href":"https:\/\/informacionlocal.es\/it\/wp-json\/wp\/v2\/users\/1"}],"replies":[{"embeddable":true,"href":"https:\/\/informacionlocal.es\/it\/wp-json\/wp\/v2\/comments?post=13581"}],"version-history":[{"count":0,"href":"https:\/\/informacionlocal.es\/it\/wp-json\/wp\/v2\/posts\/13581\/revisions"}],"wp:featuredmedia":[{"embeddable":true,"href":"https:\/\/informacionlocal.es\/it\/wp-json\/wp\/v2\/media\/13583"}],"wp:attachment":[{"href":"https:\/\/informacionlocal.es\/it\/wp-json\/wp\/v2\/media?parent=13581"}],"wp:term":[{"taxonomy":"category","embeddable":true,"href":"https:\/\/informacionlocal.es\/it\/wp-json\/wp\/v2\/categories?post=13581"},{"taxonomy":"post_tag","embeddable":true,"href":"https:\/\/informacionlocal.es\/it\/wp-json\/wp\/v2\/tags?post=13581"}],"curies":[{"name":"wp","href":"https:\/\/api.w.org\/{rel}","templated":true}]}}