{"id":13575,"date":"2025-11-06T13:58:45","date_gmt":"2025-11-06T13:58:45","guid":{"rendered":"https:\/\/informacionlocal.es\/el-ayuntamiento-de-pajara-finaliza-las-obras-de-acondicionamiento-del-camino-del-barranco-de-bacher-en-cardon\/"},"modified":"2025-11-06T13:58:45","modified_gmt":"2025-11-06T13:58:45","slug":"el-ayuntamiento-de-pajara-finaliza-las-obras-de-acondicionamiento-del-camino-del-barranco-de-bacher-en-cardon","status":"publish","type":"post","link":"https:\/\/informacionlocal.es\/it\/el-ayuntamiento-de-pajara-finaliza-las-obras-de-acondicionamiento-del-camino-del-barranco-de-bacher-en-cardon\/","title":{"rendered":"El Ayuntamiento de P\u00e1jara finaliza las obras de acondicionamiento del camino del Barranco de Bacher en Card\u00f3n\u00a0"},"content":{"rendered":"<div class=\"entry-content\">\n<p><b><i>La actuaci\u00f3n, con una inversi\u00f3n superior a los 100.000 euros y un plazo de ejecuci\u00f3n de cinco meses, mejora el drenaje del entorno y garantiza el acceso a las viviendas durante episodios de lluvias intensas<\/i><\/b><\/p>\n<p><span>El Ayuntamiento de P\u00e1jara ha concluido las obras de acondicionamiento y refuerzo del Barranco de Bacher, en la localidad de Card\u00f3n, una actuaci\u00f3n destinada a reforzar la seguridad y mejorar el drenaje de la zona ante posibles episodios de lluvias intensas.\u00a0<\/span><\/p>\n<p><span>Los trabajos, ejecutados por la empresa Crispal Islas S.L., con un plazo de ejecuci\u00f3n de cinco meses y una inversi\u00f3n superior a los 100.000 euros, han incluido el refuerzo y estabilizaci\u00f3n del margen derecho del cauce, as\u00ed como la mejora del sistema de evacuaci\u00f3n de aguas pluviales, con el objetivo de aumentar la capacidad de respuesta frente a precipitaciones y evitar da\u00f1os en las infraestructuras y viviendas cercanas.\u00a0<\/span><\/p>\n<p><span>Esta intervenci\u00f3n da respuesta a una demanda hist\u00f3rica de los vecinos y vecinas de Card\u00f3n, que en ocasiones sufr\u00edan dificultades de acceso a sus viviendas cuando se produc\u00edan lluvias abundantes en la zona.\u00a0<\/span><\/p>\n<p><span>El concejal de Obras, Urbanismo y primer teniente de alcalde, Alexis Alonso, destac\u00f3 la relevancia de esta actuaci\u00f3n dentro de la planificaci\u00f3n municipal y subray\u00f3 que \u201ccon su finalizaci\u00f3n damos cumplimiento a un compromiso adquirido con la ciudadan\u00eda, ofreciendo una respuesta eficaz a una necesidad prioritaria del municipio\u201d.\u00a0<\/span><\/p>\n<p>\u00a0<\/p>\n<\/div>\n","protected":false},"excerpt":{"rendered":"<p><i>La actuaci\u00f3n, con una inversi\u00f3n superior a los 100.000 euros y un plazo de ejecuci\u00f3n de cinco meses, mejora el drenaje del entorno y garantiza el acceso a las viviendas durante episodios de lluvias intensas<\/i><\/p>\n","protected":false},"author":1,"featured_media":13577,"comment_status":"open","ping_status":"open","sticky":false,"template":"","format":"standard","meta":{"inline_featured_image":false,"jnews-multi-image_gallery":[],"jnews_single_post":[],"jnews_primary_category":[],"jnews_social_meta":[],"jnews_override_counter":[],"jnews_post_split":[],"footnotes":""},"categories":[63],"tags":[],"class_list":["post-13575","post","type-post","status-publish","format-standard","has-post-thumbnail","hentry","category-pajara"],"jetpack_featured_media_url":"https:\/\/informacionlocal.es\/wp-content\/uploads\/2025\/11\/cardon.jpeg","_links":{"self":[{"href":"https:\/\/informacionlocal.es\/it\/wp-json\/wp\/v2\/posts\/13575","targetHints":{"allow":["GET"]}}],"collection":[{"href":"https:\/\/informacionlocal.es\/it\/wp-json\/wp\/v2\/posts"}],"about":[{"href":"https:\/\/informacionlocal.es\/it\/wp-json\/wp\/v2\/types\/post"}],"author":[{"embeddable":true,"href":"https:\/\/informacionlocal.es\/it\/wp-json\/wp\/v2\/users\/1"}],"replies":[{"embeddable":true,"href":"https:\/\/informacionlocal.es\/it\/wp-json\/wp\/v2\/comments?post=13575"}],"version-history":[{"count":0,"href":"https:\/\/informacionlocal.es\/it\/wp-json\/wp\/v2\/posts\/13575\/revisions"}],"wp:featuredmedia":[{"embeddable":true,"href":"https:\/\/informacionlocal.es\/it\/wp-json\/wp\/v2\/media\/13577"}],"wp:attachment":[{"href":"https:\/\/informacionlocal.es\/it\/wp-json\/wp\/v2\/media?parent=13575"}],"wp:term":[{"taxonomy":"category","embeddable":true,"href":"https:\/\/informacionlocal.es\/it\/wp-json\/wp\/v2\/categories?post=13575"},{"taxonomy":"post_tag","embeddable":true,"href":"https:\/\/informacionlocal.es\/it\/wp-json\/wp\/v2\/tags?post=13575"}],"curies":[{"name":"wp","href":"https:\/\/api.w.org\/{rel}","templated":true}]}}