{"id":13553,"date":"2025-11-06T08:00:39","date_gmt":"2025-11-06T08:00:39","guid":{"rendered":"https:\/\/informacionlocal.es\/lana-corujo-y-tomas-redondo-velo-este-jueves-en-puerto-es-poesia\/"},"modified":"2025-11-06T08:00:39","modified_gmt":"2025-11-06T08:00:39","slug":"lana-corujo-y-tomas-redondo-velo-este-jueves-en-puerto-es-poesia","status":"publish","type":"post","link":"https:\/\/informacionlocal.es\/it\/lana-corujo-y-tomas-redondo-velo-este-jueves-en-puerto-es-poesia\/","title":{"rendered":"Lana Corujo y Tom\u00e1s Redondo Velo, este jueves en \u2018Puerto es Poes\u00eda\u2019"},"content":{"rendered":"<div class=\"entry-content\">\n<ul>\n<li><span><strong>Ser\u00e1 a las 20.00 horas en la Casa de la Cultura de la capital<\/strong><\/span><strong>\u00a0<\/strong><\/li>\n<\/ul>\n<p><span><strong>En Puerto del Rosario, a 6 de noviembre de 2025.-<\/strong> Lana Corujo y Tom\u00e1s Redondo Velo visitan este jueves, 6 de noviembre, el ciclo \u2018Puerto es Poes\u00eda\u2019, que organiza el Ayuntamiento de Puerto del Rosario. La cita tendr\u00e1 lugar a las 20.00 horas en la Casa de la Cultura de la capital.<\/span><\/p>\n<p><span>Tras conseguir el aplauso de los lectores y el respaldo de la cr\u00edtica especializada por su primera novela Han cantado bingo, Lana Corujo aterriza en \u2018Puerto es Poes\u00eda\u2019 para leer sus creaciones po\u00e9ticas, algunas de ellas recogidas en Ropavieja, con el que fue seleccionada por el Ministerio de Cultura para participar en la Feria del Libro de Frankfurt en 2022, con Espa\u00f1a como invitado de honor.<\/span><\/p>\n<p><span>Junto a ella estar\u00e1 el poeta argentino, Tom\u00e1s Redondo Velo, autor de La luz desde el agua, con el que fue Premio F\u00e9lix Francisco Casanova, en 2016.\u00a0 Los poetas estar\u00e1n acompa\u00f1ados por el saxofonista Nelson S\u00e1nchez.<\/span><\/p>\n<p><span>\u2018Puerto es Poes\u00eda\u2019 cumple este a\u00f1o su d\u00e9cima edici\u00f3n, convirti\u00e9ndose as\u00ed en uno de los festivales de poes\u00eda m\u00e1s antiguos de Canarias. A lo largo de estos a\u00f1os, ha acogido a decenas de poetas del archipi\u00e9lago y del resto del territorio nacional.<\/span><\/p>\n<p><span>Elsa L\u00f3pez, Cecilia Dom\u00ednguez Luis, Bruno Mesa, Pedro Flores, Domingo Fuentes o Tina Su\u00e1rez, junto a poetas de la Pen\u00ednsula como la Premio Nacional de Poes\u00eda Olvido Garc\u00eda Vald\u00e9s, Mar\u00eda Ovelar, Aurora Luque o Carlos Pardo son solo algunos de los autores que han participado a lo largo de estos a\u00f1os en este encuentro con la poes\u00eda y la m\u00fasica.<\/span><\/p>\n<p><img loading=\"lazy\" decoding=\"async\" loading=\"lazy\" class=\"size-large wp-image-157623 aligncenter\" src=\"https:\/\/informacionlocal.es\/wp-content\/uploads\/2025\/11\/cartel-puerto-es-poesia-720x1024-1.jpeg\" width=\"720\" height=\"1024\" title=\"cartel-puerto-es-poesia-720x1024-1\"><\/p>\n<p><span><strong>Lana Corujo<\/strong>. (Lanzarote, 1995) se forma en Ilustraci\u00f3n y Direcci\u00f3n de Arte en Madrid. En 2021 regresa a la isla, donde vive actualmente. Ha impulsado el Encuentro de Literatura Verbena, con tres ediciones a sus espaldas. Ha publicado Ropavieja (Editorial Diecis\u00e9is, 2021), con el que fue seleccionada por el Ministerio de Cultura para participar en la Feria del Libro de Frankfurt en 2022, con Espa\u00f1a como invitado de honor. Fue becada por los Centros de Arte, Cultura y Turismo de Lanzarote para realizar una residencia art\u00edstica con la Fundaci\u00f3n ACE en Buenos Aires en 2023. Ha expuesto en el Museo de Arte Contempor\u00e1neo de Lanzarote con la muestra \u00abEl Traspatio\u00bb (2022), adem\u00e1s de participar en otras, como \u00abDuelos\u00bb (2023), \u00abCateg\u00f3rico Retrato\u00bb (2021) y en la Madrid DesignWeek en 2020. Tambi\u00e9n ha comisariado las exposiciones \u00abTay\u00f3: Jugando entre l\u00edneas\u00bb y \u00abCalima Purpurina\u00bb, de Marina Speer, ambas en El Almac\u00e9n, un centro cultural de Lanzarote. \u2018Han Cantado Bingo\u2019 es su primera novela.<\/span><\/p>\n<p><span><strong>Tom\u00e1s Redondo Velo<\/strong> (Buenos Aires, 1993) emigra con su familia al sur de Tenerife en el a\u00f1o 2002. Es profesor de Lengua Castellana y Literatura, poeta y rapero. Ha sido reconocido con el Premio de Poes\u00eda F\u00e9lix Francisco Casanova (2016), Ateneo de La Laguna (2018), Nuevas Escrituras Canarias (2020). En la actualidad contin\u00faa sus estudios de doctorado ligado a la Literatura Hispanoamericana, especialmente argentina, as\u00ed como su formaci\u00f3n como educador al trabajar con alumnado migrante.<\/span><\/p>\n<\/div>\n","protected":false},"excerpt":{"rendered":"<p>Ser\u00e1 a las 20.00 horas en la Casa de la Cultura de la capital\u00a0 En Puerto del Rosario, a 6 de noviembre de 2025.- Lana Corujo y Tom\u00e1s Redondo Velo [&hellip;]<\/p>\n","protected":false},"author":1,"featured_media":13555,"comment_status":"open","ping_status":"open","sticky":false,"template":"","format":"standard","meta":{"inline_featured_image":false,"jnews-multi-image_gallery":[],"jnews_single_post":[],"jnews_primary_category":[],"jnews_social_meta":[],"jnews_override_counter":[],"jnews_post_split":[],"footnotes":""},"categories":[61],"tags":[],"class_list":["post-13553","post","type-post","status-publish","format-standard","has-post-thumbnail","hentry","category-puerto-del-rosario"],"jetpack_featured_media_url":"https:\/\/informacionlocal.es\/wp-content\/uploads\/2025\/11\/puerto-es-poesia-2.png","_links":{"self":[{"href":"https:\/\/informacionlocal.es\/it\/wp-json\/wp\/v2\/posts\/13553","targetHints":{"allow":["GET"]}}],"collection":[{"href":"https:\/\/informacionlocal.es\/it\/wp-json\/wp\/v2\/posts"}],"about":[{"href":"https:\/\/informacionlocal.es\/it\/wp-json\/wp\/v2\/types\/post"}],"author":[{"embeddable":true,"href":"https:\/\/informacionlocal.es\/it\/wp-json\/wp\/v2\/users\/1"}],"replies":[{"embeddable":true,"href":"https:\/\/informacionlocal.es\/it\/wp-json\/wp\/v2\/comments?post=13553"}],"version-history":[{"count":0,"href":"https:\/\/informacionlocal.es\/it\/wp-json\/wp\/v2\/posts\/13553\/revisions"}],"wp:featuredmedia":[{"embeddable":true,"href":"https:\/\/informacionlocal.es\/it\/wp-json\/wp\/v2\/media\/13555"}],"wp:attachment":[{"href":"https:\/\/informacionlocal.es\/it\/wp-json\/wp\/v2\/media?parent=13553"}],"wp:term":[{"taxonomy":"category","embeddable":true,"href":"https:\/\/informacionlocal.es\/it\/wp-json\/wp\/v2\/categories?post=13553"},{"taxonomy":"post_tag","embeddable":true,"href":"https:\/\/informacionlocal.es\/it\/wp-json\/wp\/v2\/tags?post=13553"}],"curies":[{"name":"wp","href":"https:\/\/api.w.org\/{rel}","templated":true}]}}