{"id":1355,"date":"2025-04-10T19:24:31","date_gmt":"2025-04-10T19:24:31","guid":{"rendered":"https:\/\/informacionlocal.es\/il-cabildo-di-fuerteventura-stanzia-25-000-euro-per-sostenere-la-rivitalizzazione-commerciale-di-betancuria-e-del-mercato-di-la-pena\/"},"modified":"2025-04-14T10:16:26","modified_gmt":"2025-04-14T10:16:26","slug":"il-cabildo-di-fuerteventura-stanzia-25-000-euro-per-sostenere-la-rivitalizzazione-commerciale-di-betancuria-e-del-mercato-di-la-pena","status":"publish","type":"post","link":"https:\/\/informacionlocal.es\/it\/il-cabildo-di-fuerteventura-stanzia-25-000-euro-per-sostenere-la-rivitalizzazione-commerciale-di-betancuria-e-del-mercato-di-la-pena\/","title":{"rendered":"Il Cabildo di Fuerteventura stanzia 25.000 euro per sostenere la rivitalizzazione commerciale di Betancuria e del mercato di La Pe\u00f1a."},"content":{"rendered":"<div class=\"inner-box\">\n<figure class=\"image-box\"><img fetchpriority=\"high\" decoding=\"async\" width=\"730\" height=\"500\" src=\"https:\/\/informacionlocal.es\/wp-content\/uploads\/2025\/04\/convenio-comercio-con-betancuria-730x500-2.jpeg\" class=\"attachment-whitehall_730x500 size-whitehall_730x500 wp-post-image\" title=\"trade-agreement-with-betancuria-730x500-2\"><\/figure>\n<div class=\"post-date\">\n<h3>11novembre<span>&#8217;24<\/span><\/h3>\n<\/div>\n<div class=\"lower-content\">\n<div class=\"category\">Notizie, Annunci<\/div>\n<ul class=\"post-info clearfix\">\n<li>Stampa<\/li>\n<li>0 Commenti<\/li>\n<\/ul>\n<\/div>\n<p>Il Cabildo de Fuerteventura, attraverso il Dipartimento del Commercio, ha stanziato 25.000 euro per incrementare il dinamismo commerciale nel comune di Betancuria. Questa azione \u00e8 possibile grazie a un accordo di collaborazione con il Comune di Betancuria, firmato questa settimana dalla consigliera della zona, Lolina Negr\u00edn, e dal sindaco, Enrique Cerde\u00f1a. <\/p>\n<p>Secondo Lolina Negr\u00edn, &#8220;uno degli obiettivi principali della Corporazione Insulare \u00e8 quello di sostenere tutte quelle attivit\u00e0 che contribuiscono alla promozione delle aree commerciali in tutta l&#8217;isola, con aiuti che si articolano all&#8217;interno del Piano Strategico di Sovvenzioni per la Riattivazione del Settore Commerciale di Fuerteventura&#8221;.<\/p>\n<p>Il sindaco, Enrique Cerde\u00f1a, ha spiegato che &#8220;il finanziamento \u00e8 finalizzato a sostenere il progetto &#8216;Yo Consumo Betancuria&#8217;, che mira a evidenziare la qualit\u00e0 gastronomica del comune e a promuovere le imprese legate all&#8217;allevamento e all&#8217;ospitalit\u00e0, oltre alla rivitalizzazione del Mercadillo de La Pe\u00f1a, che si tiene mensilmente come mercato di riferimento a Fuerteventura&#8221;.<\/p>\n<\/div>\n","protected":false},"excerpt":{"rendered":"<p>11novembre&#8217;24 Notizie, Annunci Stampa 0 Commenti Il Cabildo de Fuerteventura, attraverso il Dipartimento del Commercio, ha stanziato 25.000 euro per incrementare il dinamismo commerciale nel comune di Betancuria. Questa azione [&hellip;]<\/p>\n","protected":false},"author":1,"featured_media":694,"comment_status":"open","ping_status":"open","sticky":false,"template":"","format":"standard","meta":{"inline_featured_image":false,"jnews-multi-image_gallery":[],"jnews_single_post":[],"jnews_primary_category":[],"jnews_social_meta":[],"jnews_override_counter":[],"jnews_post_split":[],"footnotes":""},"categories":[286],"tags":[236,202,224,223,222],"class_list":["post-1355","post","type-post","status-publish","format-standard","has-post-thumbnail","hentry","category-betancuria-it","tag-assistenza-sociale","tag-comuni","tag-cultura-e-tempo-libero","tag-fuerteventura-it","tag-occupazione-e-formazione"],"jetpack_featured_media_url":"https:\/\/informacionlocal.es\/wp-content\/uploads\/2025\/04\/convenio-comercio-con-betancuria-730x500-1.jpeg","_links":{"self":[{"href":"https:\/\/informacionlocal.es\/it\/wp-json\/wp\/v2\/posts\/1355","targetHints":{"allow":["GET"]}}],"collection":[{"href":"https:\/\/informacionlocal.es\/it\/wp-json\/wp\/v2\/posts"}],"about":[{"href":"https:\/\/informacionlocal.es\/it\/wp-json\/wp\/v2\/types\/post"}],"author":[{"embeddable":true,"href":"https:\/\/informacionlocal.es\/it\/wp-json\/wp\/v2\/users\/1"}],"replies":[{"embeddable":true,"href":"https:\/\/informacionlocal.es\/it\/wp-json\/wp\/v2\/comments?post=1355"}],"version-history":[{"count":1,"href":"https:\/\/informacionlocal.es\/it\/wp-json\/wp\/v2\/posts\/1355\/revisions"}],"predecessor-version":[{"id":1784,"href":"https:\/\/informacionlocal.es\/it\/wp-json\/wp\/v2\/posts\/1355\/revisions\/1784"}],"wp:featuredmedia":[{"embeddable":true,"href":"https:\/\/informacionlocal.es\/it\/wp-json\/wp\/v2\/media\/694"}],"wp:attachment":[{"href":"https:\/\/informacionlocal.es\/it\/wp-json\/wp\/v2\/media?parent=1355"}],"wp:term":[{"taxonomy":"category","embeddable":true,"href":"https:\/\/informacionlocal.es\/it\/wp-json\/wp\/v2\/categories?post=1355"},{"taxonomy":"post_tag","embeddable":true,"href":"https:\/\/informacionlocal.es\/it\/wp-json\/wp\/v2\/tags?post=1355"}],"curies":[{"name":"wp","href":"https:\/\/api.w.org\/{rel}","templated":true}]}}