{"id":1342,"date":"2025-04-11T01:12:09","date_gmt":"2025-04-11T01:12:09","guid":{"rendered":"https:\/\/informacionlocal.es\/i-prodotti-locali-sono-protagonisti-delle-giornate-di-apertura-della-scuola-secondaria-di-puerto-cabras\/"},"modified":"2025-04-14T10:19:58","modified_gmt":"2025-04-14T10:19:58","slug":"i-prodotti-locali-sono-protagonisti-delle-giornate-di-apertura-della-scuola-secondaria-di-puerto-cabras","status":"publish","type":"post","link":"https:\/\/informacionlocal.es\/it\/i-prodotti-locali-sono-protagonisti-delle-giornate-di-apertura-della-scuola-secondaria-di-puerto-cabras\/","title":{"rendered":"I prodotti locali sono protagonisti delle giornate di apertura della scuola secondaria di Puerto Cabras"},"content":{"rendered":"<div class=\"entry-content\">\n<p>Gioved\u00ec 10 aprile, <strong>l&#8217;Instituto de Educaci\u00f3n Secundaria Puerto Cabras Rafael B\u00e1ez <\/strong>ha ospitato una nuova edizione di <strong>Saborea Puerto del Rosario, un&#8217;<\/strong> iniziativa che promuove il consumo di prodotti locali e valorizza il lavoro del settore primario del comune.<\/p>\n<p>In questa occasione, l&#8217;evento coincide con l&#8217;open day della scuola e rappresenta l&#8217;opportunit\u00e0 perfetta per gli studenti e le loro famiglie di conoscere i sapori e le tradizioni di Puerto del Rosario.<\/p>\n<p>Lo stand itinerante \u00e8 stato presente fino alle 14.00 e ha offerto degustazioni di prodotti locali come formaggio, gofio e altri prodotti, oltre a un interessante spettacolo dal vivo.<\/p>\n<p><strong>Taste Puerto del Rosario \u00e8 un&#8217;azione promossa dal Dipartimento del Settore Primario del Comune di Puerto del Rosario, in collaborazione con la societ\u00e0 pubblica Gesti\u00f3n del Medio Rural de Canarias (GMR Canarias)<\/strong>, dipendente dal Dipartimento di Agricoltura, Allevamento, Pesca e Sovranit\u00e0 Alimentare del Governo delle Isole Canarie. Questa attivit\u00e0 rientra nella strategia regionale &#8220;Crescere insieme&#8221; e nel marchio &#8220;VolcanicXperience&#8221;, che mira a promuovere il consumo a chilometro zero e ad avvicinare i prodotti isolani al pubblico. <\/p>\n<p>Con iniziative come questa, il Comune ribadisce il proprio impegno nella promozione dei prodotti locali, della sostenibilit\u00e0 e del sostegno ai professionisti del settore primario. Contribuisce inoltre a creare spazi di incontro tra la comunit\u00e0 educativa e i produttori locali, promuovendo la conoscenza, il rispetto della tradizione e il consumo responsabile. <\/p>\n<p>Il <strong>sindaco della capitale, David de Vera<\/strong>, ha dichiarato che <strong>&#8220;\u00e8 stata una buona occasione per conoscere i prodotti del nostro settore primario e per promuovere le nostre tradizioni tra gli studenti e i vicini&#8221;.<\/strong><\/p>\n<p>L&#8217;<strong>assessore al settore primario<\/strong>,<strong> David de Le\u00f3n, ha <\/strong>dichiarato che<strong> &#8220;sempre pi\u00f9 il settore primario sta dimostrando che la qualit\u00e0 \u00e8 un simbolo di riferimento per i prodotti Majorero, che \u00e8 un segno distintivo gastronomico, sociale e culturale&#8221;.<\/strong><\/p>\n<\/div>\n","protected":false},"excerpt":{"rendered":"<p>Gioved\u00ec 10 aprile, l&#8217;Instituto de Educaci\u00f3n Secundaria Puerto Cabras Rafael B\u00e1ez ha ospitato una nuova edizione di Saborea Puerto del Rosario, un&#8217; iniziativa che promuove il consumo di prodotti locali [&hellip;]<\/p>\n","protected":false},"author":1,"featured_media":766,"comment_status":"open","ping_status":"open","sticky":false,"template":"","format":"standard","meta":{"inline_featured_image":false,"jnews-multi-image_gallery":[],"jnews_single_post":[],"jnews_primary_category":[],"jnews_social_meta":[],"jnews_override_counter":[],"jnews_post_split":[],"footnotes":""},"categories":[295],"tags":[202,224,309,238,223,221],"class_list":["post-1342","post","type-post","status-publish","format-standard","has-post-thumbnail","hentry","category-puerto-del-rosario-it","tag-comuni","tag-cultura-e-tempo-libero","tag-educacion-it","tag-eventi","tag-fuerteventura-it","tag-istruzione"],"jetpack_featured_media_url":"https:\/\/informacionlocal.es\/wp-content\/uploads\/2025\/04\/saborea-titu-puerto-ies-david-y-estudiantes.jpg","_links":{"self":[{"href":"https:\/\/informacionlocal.es\/it\/wp-json\/wp\/v2\/posts\/1342","targetHints":{"allow":["GET"]}}],"collection":[{"href":"https:\/\/informacionlocal.es\/it\/wp-json\/wp\/v2\/posts"}],"about":[{"href":"https:\/\/informacionlocal.es\/it\/wp-json\/wp\/v2\/types\/post"}],"author":[{"embeddable":true,"href":"https:\/\/informacionlocal.es\/it\/wp-json\/wp\/v2\/users\/1"}],"replies":[{"embeddable":true,"href":"https:\/\/informacionlocal.es\/it\/wp-json\/wp\/v2\/comments?post=1342"}],"version-history":[{"count":1,"href":"https:\/\/informacionlocal.es\/it\/wp-json\/wp\/v2\/posts\/1342\/revisions"}],"predecessor-version":[{"id":1866,"href":"https:\/\/informacionlocal.es\/it\/wp-json\/wp\/v2\/posts\/1342\/revisions\/1866"}],"wp:featuredmedia":[{"embeddable":true,"href":"https:\/\/informacionlocal.es\/it\/wp-json\/wp\/v2\/media\/766"}],"wp:attachment":[{"href":"https:\/\/informacionlocal.es\/it\/wp-json\/wp\/v2\/media?parent=1342"}],"wp:term":[{"taxonomy":"category","embeddable":true,"href":"https:\/\/informacionlocal.es\/it\/wp-json\/wp\/v2\/categories?post=1342"},{"taxonomy":"post_tag","embeddable":true,"href":"https:\/\/informacionlocal.es\/it\/wp-json\/wp\/v2\/tags?post=1342"}],"curies":[{"name":"wp","href":"https:\/\/api.w.org\/{rel}","templated":true}]}}