{"id":1333,"date":"2025-04-11T00:53:15","date_gmt":"2025-04-11T00:53:15","guid":{"rendered":"https:\/\/informacionlocal.es\/fuerteventura-un-esempio-europeo-di-trasformazione-e-inclusione-digitale-con-la-sua-rete-di-telecentri\/"},"modified":"2025-04-14T09:35:04","modified_gmt":"2025-04-14T09:35:04","slug":"fuerteventura-un-esempio-europeo-di-trasformazione-e-inclusione-digitale-con-la-sua-rete-di-telecentri","status":"publish","type":"post","link":"https:\/\/informacionlocal.es\/it\/fuerteventura-un-esempio-europeo-di-trasformazione-e-inclusione-digitale-con-la-sua-rete-di-telecentri\/","title":{"rendered":"Fuerteventura, un esempio europeo di trasformazione e inclusione digitale con la sua rete di telecentri"},"content":{"rendered":"<div class=\"entry-content\"><strong>9 aprile 2025<\/strong><\/p>\n<p><strong><em>La rete europea ALL DIGITAL visita l&#8217;isola per conoscerne il potenziale in termini di innovazione e competenze digitali<\/em><\/strong><\/p>\n<p>Il consiglio di amministrazione di ALL DIGITAL, rete europea leader nello sviluppo delle competenze digitali, ha effettuato una visita istituzionale a Fuerteventura tra il 2 e il 6 aprile 2025, con l&#8217;obiettivo di rafforzare i legami ed esplorare le opportunit\u00e0 di collaborazione con le istituzioni e gli operatori locali nel campo della trasformazione digitale.<\/p>\n<p>L&#8217;assessore alle Nuove Tecnologie, Carmen Alonso, ha ricevuto i membri di ALL DIGITAL e il suo presidente, Altheo Valentini, aprendo nuove strade di collaborazione per promuovere la trasformazione e l&#8217;inclusione digitale a Fuerteventura.<\/p>\n<p>Carmen Alonso Saavedra ha sottolineato l&#8217;importanza di questa visita: &#8220;\u00c8 un onore per Fuerteventura ricevere il Consiglio di ALL DIGITAL. Questa visita rappresenta un&#8217;opportunit\u00e0 unica per mostrare il potenziale della nostra isola nel campo dell&#8217;innovazione e dell&#8217;inclusione digitale. Siamo convinti che lo scambio di conoscenze e l&#8217;esplorazione di possibili collaborazioni con una rete europea prestigiosa come ALL DIGITAL saranno di grande valore per incrementare lo sviluppo tecnologico e sociale della nostra isola&#8221;. &#8220;<\/p>\n<p>Altheo Valentini ha sottolineato come Fuerteventura e la sua rete di telecentri &#8220;Semilla&#8221; siano un esempio in Europa, in termini di progetti che portano competenze digitali e formazione a tutti i cittadini, soprattutto nelle aree rurali o isolate. In questo senso, hanno aperto la possibilit\u00e0 di scambi con i monitor della Rete Semilla, per trasferire questa esperienza ad altri territori. <\/p>\n<p>I membri di ALL DIGITAL hanno visitato il telecentro di Antigua. L&#8217;incontro ha permesso loro di conoscere il funzionamento della Rete di centri di competenza digitale &#8220;Red Semilla&#8221; e il suo importante lavoro di inclusione digitale dei cittadini locali. <\/p>\n<p>Il consiglio si \u00e8 poi recato al Parco tecnologico di Fuerteventura, dove ha potuto vedere di persona le strutture e i progetti innovativi sviluppati sull&#8217;isola. La visita \u00e8 stata un&#8217;occasione preziosa per individuare possibili sinergie e collaborazioni future in settori quali la tecnologia, la sostenibilit\u00e0 e l&#8217;innovazione sociale. <\/p>\n<p>La giornata \u00e8 proseguita presso il Palacio de Formaci\u00f3n y Congresos di Fuerteventura, dove il Consiglio di Amministrazione ha tenuto una sessione di lavoro interna nel pomeriggio. In questo contesto, era presente anche il direttore generale dell&#8217;Agenzia delle Canarie per la Ricerca, l&#8217;Innovazione e la Societ\u00e0 dell&#8217;Informazione, Javier Franco Hormiga, che ha sottolineato l&#8217;impegno del governo delle Canarie per lo sviluppo digitale delle isole: &#8220;Da parte dell&#8217;Agenzia delle Canarie per la Ricerca, l&#8217;Innovazione e la Societ\u00e0 dell&#8217;Informazione, apprezziamo molto la visita del Consiglio di Amministrazione di ALL DIGITAL a Fuerteventura. Il loro interesse a conoscere le iniziative locali e a esplorare modalit\u00e0 di collaborazione \u00e8 un&#8217;ottima notizia per il futuro digitale delle Isole Canarie. Siamo convinti che, lavorando insieme a prestigiose reti europee come ALL DIGITAL, possiamo migliorare ulteriormente le competenze digitali dei nostri cittadini e rafforzare il nostro ecosistema di innovazione, in linea con la nostra Agenda digitale per le Isole Canarie basata su competenze, competitivit\u00e0 e connettivit\u00e0&#8221;.   <\/p>\n<p>ALL DIGITAL, con sede a Bruxelles, rappresenta pi\u00f9 di 110 organizzazioni associate in 29 Paesi europei, che lavorano per migliorare le competenze digitali dei cittadini. Attraverso la sua rete, fornisce formazione e supporto digitale a pi\u00f9 di 2,3 milioni di persone all&#8217;anno, con particolare attenzione ai gruppi vulnerabili. La visita a Fuerteventura sottolinea l&#8217;impegno di ALL DIGITAL nella cooperazione territoriale e nella promozione dell&#8217;inclusione digitale in tutte le regioni d&#8217;Europa.  <\/p>\n<p>La delegazione del Consiglio di amministrazione di ALL DIGITAL era composta da: Altheo Valentini (Presidente), \u017darko \u010ci\u017emar, Veronique de Leener, Achilles Kameas, Katrin Schuberth, Iva Walterova, Guillem Porres Canals, e ha visto la partecipazione del Direttore esecutivo &#8211; CEO, David Mekkaoui, e del Direttore operativo &#8211; COO, Peter Palvolgyi.<\/p>\n<p><strong>Informazioni su ALL DIGITAL:<\/strong><\/p>\n<p>ALL DIGITAL \u00e8 un&#8217;organizzazione no-profit con sede a Bruxelles che lavora a livello europeo per migliorare le competenze digitali dei cittadini. Fondata nel 2010, la rete collega e sostiene centri di competenze digitali, universit\u00e0, ONG e altre organizzazioni per promuovere l&#8217;inclusione sociale attraverso la tecnologia. ALL DIGITAL sviluppa progetti europei, fornisce formazione sulle competenze digitali, collabora alle politiche digitali inclusive e facilita la collaborazione tra i suoi membri.  <\/p>\n<\/div>\n","protected":false},"excerpt":{"rendered":"<p><em>La rete europea ALL DIGITAL visita l&#8217;isola per conoscerne il potenziale in termini di innovazione e competenze digitali<\/em><\/p>\n","protected":false},"author":1,"featured_media":763,"comment_status":"open","ping_status":"open","sticky":false,"template":"","format":"standard","meta":{"inline_featured_image":false,"jnews-multi-image_gallery":[],"jnews_single_post":[],"jnews_primary_category":[],"jnews_social_meta":[],"jnews_override_counter":[],"jnews_post_split":[],"footnotes":""},"categories":[289],"tags":[224,223,220,280,222],"class_list":["post-1333","post","type-post","status-publish","format-standard","has-post-thumbnail","hentry","category-cabildo-it","tag-cultura-e-tempo-libero","tag-fuerteventura-it","tag-integrazione","tag-linnovazione","tag-occupazione-e-formazione"],"jetpack_featured_media_url":"https:\/\/informacionlocal.es\/wp-content\/uploads\/2025\/04\/frer.jpeg","_links":{"self":[{"href":"https:\/\/informacionlocal.es\/it\/wp-json\/wp\/v2\/posts\/1333","targetHints":{"allow":["GET"]}}],"collection":[{"href":"https:\/\/informacionlocal.es\/it\/wp-json\/wp\/v2\/posts"}],"about":[{"href":"https:\/\/informacionlocal.es\/it\/wp-json\/wp\/v2\/types\/post"}],"author":[{"embeddable":true,"href":"https:\/\/informacionlocal.es\/it\/wp-json\/wp\/v2\/users\/1"}],"replies":[{"embeddable":true,"href":"https:\/\/informacionlocal.es\/it\/wp-json\/wp\/v2\/comments?post=1333"}],"version-history":[{"count":1,"href":"https:\/\/informacionlocal.es\/it\/wp-json\/wp\/v2\/posts\/1333\/revisions"}],"predecessor-version":[{"id":1455,"href":"https:\/\/informacionlocal.es\/it\/wp-json\/wp\/v2\/posts\/1333\/revisions\/1455"}],"wp:featuredmedia":[{"embeddable":true,"href":"https:\/\/informacionlocal.es\/it\/wp-json\/wp\/v2\/media\/763"}],"wp:attachment":[{"href":"https:\/\/informacionlocal.es\/it\/wp-json\/wp\/v2\/media?parent=1333"}],"wp:term":[{"taxonomy":"category","embeddable":true,"href":"https:\/\/informacionlocal.es\/it\/wp-json\/wp\/v2\/categories?post=1333"},{"taxonomy":"post_tag","embeddable":true,"href":"https:\/\/informacionlocal.es\/it\/wp-json\/wp\/v2\/tags?post=1333"}],"curies":[{"name":"wp","href":"https:\/\/api.w.org\/{rel}","templated":true}]}}