{"id":13327,"date":"2025-10-31T17:58:26","date_gmt":"2025-10-31T17:58:26","guid":{"rendered":"https:\/\/informacionlocal.es\/el-ayuntamiento-de-pajara-acondiciona-los-cementerios-municipales-con-motivo-del-dia-de-los-difuntos-y-de-todos-los-santos\/"},"modified":"2025-10-31T17:58:26","modified_gmt":"2025-10-31T17:58:26","slug":"el-ayuntamiento-de-pajara-acondiciona-los-cementerios-municipales-con-motivo-del-dia-de-los-difuntos-y-de-todos-los-santos","status":"publish","type":"post","link":"https:\/\/informacionlocal.es\/it\/el-ayuntamiento-de-pajara-acondiciona-los-cementerios-municipales-con-motivo-del-dia-de-los-difuntos-y-de-todos-los-santos\/","title":{"rendered":"El Ayuntamiento de P\u00e1jara acondiciona los cementerios municipales con motivo del D\u00eda de los Difuntos y de Todos los Santos\u00a0"},"content":{"rendered":"<div class=\"entry-content\">\n<p><b><i>Las labores de limpieza, pintura, jardiner\u00eda y se\u00f1alizaci\u00f3n se han realizado en los camposantos de P\u00e1jara, Morro Jable y Cofete\u00a0<\/i><\/b><\/p>\n<p><span>El Ayuntamiento de P\u00e1jara, a trav\u00e9s de la Concejal\u00eda de Cementerios, ha llevado a cabo durante los \u00faltimos d\u00edas diversas labores de limpieza y reacondicionamiento en los cementerios de P\u00e1jara, Morro Jable y Cofete, con el objetivo de que estos espacios est\u00e9n en las mejores condiciones para la conmemoraci\u00f3n del D\u00eda de los Difuntos y de Todos los Santos.<\/span><\/p>\n<p><span>Estas actuaciones se han realizado con la colaboraci\u00f3n de la Concejal\u00eda de Obras y Parques y Jardines, que dirige Alexis Alonso, y de la Concejal\u00eda de Medio Ambiente, a cargo de \u00c1ngeles Acosta, quienes han contribuido al desarrollo de los trabajos y el mantenimiento de las zonas verdes.\u00a0<\/span><\/p>\n<p><span>Los trabajos han incluido en la limpieza integral de los accesos y \u00e1reas comunes, el pintado de las paredes y elementos ornamentales, as\u00ed como el acondicionamiento de las zonas ajardinadas. Adem\u00e1s, se ha llevado a cabo la se\u00f1alizaci\u00f3n de los aparcamientos, con el fin de facilitar el tr\u00e1nsito y el acceso de los visitantes durante este d\u00eda de mayor afluencia.\u00a0<\/span><\/p>\n<p><span>El concejal de Cementerios, Jos\u00e9 Benito Alonso, destaca la importancia de este d\u00eda para los vecinos y vecinas del municipio, y subraya la implicaci\u00f3n del Consistorio para que \u201clas instalaciones se encuentren en \u00f3ptimas condiciones no solo para esta festividad, sino durante todo el a\u00f1o\u201d.\u00a0<\/span><\/p>\n<p><span>Con estas acciones, el Ayuntamiento de P\u00e1jara reafirma su compromiso con la ciudadan\u00eda en la conmemoraci\u00f3n del D\u00eda de los Difuntos y de Todos los Santos. <\/span><\/p>\n<p><img fetchpriority=\"high\" decoding=\"async\" class=\"alignnone size-medium wp-image-21172\" src=\"https:\/\/informacionlocal.es\/wp-content\/uploads\/2025\/10\/cementerio-225x300-1.jpeg\" width=\"225\" height=\"300\" title=\"cementerio-225x300-1\"><\/p>\n<\/div>\n","protected":false},"excerpt":{"rendered":"<p><i>Las labores de limpieza, pintura, jardiner\u00eda y se\u00f1alizaci\u00f3n se han realizado en los camposantos de P\u00e1jara, Morro Jable y Cofete\u00a0<\/i><\/p>\n","protected":false},"author":1,"featured_media":13329,"comment_status":"open","ping_status":"open","sticky":false,"template":"","format":"standard","meta":{"inline_featured_image":false,"jnews-multi-image_gallery":[],"jnews_single_post":[],"jnews_primary_category":[],"jnews_social_meta":[],"jnews_override_counter":[],"jnews_post_split":[],"footnotes":""},"categories":[63],"tags":[76],"class_list":["post-13327","post","type-post","status-publish","format-standard","has-post-thumbnail","hentry","category-pajara","tag-medio-ambiente"],"jetpack_featured_media_url":"https:\/\/informacionlocal.es\/wp-content\/uploads\/2025\/10\/cementerio-1-e1761914298128.jpeg","_links":{"self":[{"href":"https:\/\/informacionlocal.es\/it\/wp-json\/wp\/v2\/posts\/13327","targetHints":{"allow":["GET"]}}],"collection":[{"href":"https:\/\/informacionlocal.es\/it\/wp-json\/wp\/v2\/posts"}],"about":[{"href":"https:\/\/informacionlocal.es\/it\/wp-json\/wp\/v2\/types\/post"}],"author":[{"embeddable":true,"href":"https:\/\/informacionlocal.es\/it\/wp-json\/wp\/v2\/users\/1"}],"replies":[{"embeddable":true,"href":"https:\/\/informacionlocal.es\/it\/wp-json\/wp\/v2\/comments?post=13327"}],"version-history":[{"count":0,"href":"https:\/\/informacionlocal.es\/it\/wp-json\/wp\/v2\/posts\/13327\/revisions"}],"wp:featuredmedia":[{"embeddable":true,"href":"https:\/\/informacionlocal.es\/it\/wp-json\/wp\/v2\/media\/13329"}],"wp:attachment":[{"href":"https:\/\/informacionlocal.es\/it\/wp-json\/wp\/v2\/media?parent=13327"}],"wp:term":[{"taxonomy":"category","embeddable":true,"href":"https:\/\/informacionlocal.es\/it\/wp-json\/wp\/v2\/categories?post=13327"},{"taxonomy":"post_tag","embeddable":true,"href":"https:\/\/informacionlocal.es\/it\/wp-json\/wp\/v2\/tags?post=13327"}],"curies":[{"name":"wp","href":"https:\/\/api.w.org\/{rel}","templated":true}]}}