{"id":13321,"date":"2025-10-31T16:58:21","date_gmt":"2025-10-31T16:58:21","guid":{"rendered":"https:\/\/informacionlocal.es\/deportes-promete-adrenalina-en-estado-puro-para-el-xxxvi-rally-la-oliva\/"},"modified":"2025-10-31T16:58:21","modified_gmt":"2025-10-31T16:58:21","slug":"deportes-promete-adrenalina-en-estado-puro-para-el-xxxvi-rally-la-oliva","status":"publish","type":"post","link":"https:\/\/informacionlocal.es\/it\/deportes-promete-adrenalina-en-estado-puro-para-el-xxxvi-rally-la-oliva\/","title":{"rendered":"Deportes promete adrenalina en estado puro para el XXXVI Rally La Oliva"},"content":{"rendered":"<p>Espect\u00e1culo, adrenalina y mejoras en el despliegue de seguridad. As\u00ed anunci\u00f3 ayer, 30 de octubre, el Ayuntamiento de La Oliva con la Concejal\u00eda de Deportes, que dirige Gleiber Carre\u00f1o, junto con la Consejer\u00eda de Deportes del Cabildo de Fuerteventura y los Clubs Unidos de Fuerteventura, el Rally de La Oliva. El encuentro deportivo regresa, un a\u00f1o m\u00e1s, para traer lo mejor competici\u00f3n del motor al municipio en un evento que no dejar\u00e1 indiferente a los amantes de la prueba automovil\u00edstica. Una edici\u00f3n que impulsa un nuevo acto, como lo es el espect\u00e1culo nocturno del viernes 7 de noviembre, en el que los aficionados presenciar\u00e1n maniobras de \u00e9lite.<\/p>\n<p>Otra de las grandes novedades es el refuerzo en la seguridad del evento. As\u00ed pues, el cielo de la competici\u00f3n estar\u00e1 vigilada por la unidad de drones de la Polic\u00eda Local y el refuerzo de los bomberos municipales.  <\/p>\n<p>Adem\u00e1s, durante la presentaci\u00f3n se aprovech\u00f3 para reconocer la trayectoria de Juan Vicente Guerra, m\u00e1s conocido como \u2018El Caramba\u2019, un homenaje que recogi\u00f3 la familia del piloto. Asimismo, se dio cr\u00e9dito a las nuevas generaciones, en concreto, a Daniel P\u00e9rez Alonso por el recorrido en el deporte del motor que aunque todav\u00eda corto, ya ha conseguido hacerse al podio en diferentes competiciones. <\/p>\n<p>El alcalde de La Oliva, Isa\u00ed Blanco, destac\u00f3 la apuesta por un evento que sigue creciendo: \u201cEl esfuerzo conjunto de las instituciones y los Clubs Unidos de Fuerteventura dan como resultado un evento con un total de 46 equipos inscritos, una cifra que nos posiciona a la altura del Campeonato de Canarias.\u201d <\/p>\n<p>\u201cTodo ello viene acompa\u00f1ado por un salto importante a nivel de seguridad en lo que a la competici\u00f3n se refiere pues, contar\u00e1 con la presencia de la Polic\u00eda Local a trav\u00e9s de la unidad de drones que vigilar\u00e1 al completo toda la carrera y aficionados, adem\u00e1s de la colaboraci\u00f3n de los bomberos municipales\u201d manifest\u00f3 el alcalde. <\/p>\n<p>Por su parte, la concejala de Deportes, Gleiber Carre\u00f1o, se\u00f1al\u00f3 la novedad del tramo espect\u00e1culo: \u201cSeguimos apostando firmemente por esta modalidad deportiva y, en esta edici\u00f3n, damos un paso m\u00e1s. Este a\u00f1o contaremos con una previa a la carrera, un espect\u00e1culo nocturno que sabemos que ilusionar\u00e1 no solo a toda la afici\u00f3n, sino tambi\u00e9n a todos los asistentes al encuentro.\u201d <\/p>\n<p>El consejero de Deportes, Luis Gonz\u00e1lez, apunt\u00f3 que desde el Cabildo \u201cseguimos con el a\u00f1o de consolidaci\u00f3n del Rally en Fuerteventura, cumpliendo fielmente el calendario que se acord\u00f3 al inicio de temporada, presentando ahora esta edici\u00f3n del Rally de La Oliva, que es la sexta prueba de motor calendada, que ha tenido muy buena respuesta de los pilotos, superando los cuarenta inscritos\u201d. <\/p>\n<p>Calienten motores. El Rally La Oliva est\u00e1 a punto de comenzar.<\/p>\n","protected":false},"excerpt":{"rendered":"<p><span>Un evento que trae, como novedad, el espect\u00e1culo nocturno del 7 noviembre y que se coronar\u00e1 con mejoras en seguridad para la competici\u00f3n del s\u00e1bado 8 de noviembre<\/span><\/p>\n","protected":false},"author":1,"featured_media":13323,"comment_status":"open","ping_status":"open","sticky":false,"template":"","format":"standard","meta":{"inline_featured_image":false,"jnews-multi-image_gallery":[],"jnews_single_post":[],"jnews_primary_category":[],"jnews_social_meta":[],"jnews_override_counter":[],"jnews_post_split":[],"footnotes":""},"categories":[62],"tags":[82,182],"class_list":["post-13321","post","type-post","status-publish","format-standard","has-post-thumbnail","hentry","category-la-oliva","tag-fuerteventura","tag-seguridad"],"jetpack_featured_media_url":"https:\/\/informacionlocal.es\/wp-content\/uploads\/2025\/10\/5269_e2884c2d.png","_links":{"self":[{"href":"https:\/\/informacionlocal.es\/it\/wp-json\/wp\/v2\/posts\/13321","targetHints":{"allow":["GET"]}}],"collection":[{"href":"https:\/\/informacionlocal.es\/it\/wp-json\/wp\/v2\/posts"}],"about":[{"href":"https:\/\/informacionlocal.es\/it\/wp-json\/wp\/v2\/types\/post"}],"author":[{"embeddable":true,"href":"https:\/\/informacionlocal.es\/it\/wp-json\/wp\/v2\/users\/1"}],"replies":[{"embeddable":true,"href":"https:\/\/informacionlocal.es\/it\/wp-json\/wp\/v2\/comments?post=13321"}],"version-history":[{"count":0,"href":"https:\/\/informacionlocal.es\/it\/wp-json\/wp\/v2\/posts\/13321\/revisions"}],"wp:featuredmedia":[{"embeddable":true,"href":"https:\/\/informacionlocal.es\/it\/wp-json\/wp\/v2\/media\/13323"}],"wp:attachment":[{"href":"https:\/\/informacionlocal.es\/it\/wp-json\/wp\/v2\/media?parent=13321"}],"wp:term":[{"taxonomy":"category","embeddable":true,"href":"https:\/\/informacionlocal.es\/it\/wp-json\/wp\/v2\/categories?post=13321"},{"taxonomy":"post_tag","embeddable":true,"href":"https:\/\/informacionlocal.es\/it\/wp-json\/wp\/v2\/tags?post=13321"}],"curies":[{"name":"wp","href":"https:\/\/api.w.org\/{rel}","templated":true}]}}