{"id":1329,"date":"2025-04-11T01:14:10","date_gmt":"2025-04-11T01:14:10","guid":{"rendered":"https:\/\/informacionlocal.es\/betancuria-promuove-il-progetto-formate-per-la-popolazione-del-comune\/"},"modified":"2025-04-14T10:16:24","modified_gmt":"2025-04-14T10:16:24","slug":"betancuria-promuove-il-progetto-formate-per-la-popolazione-del-comune","status":"publish","type":"post","link":"https:\/\/informacionlocal.es\/it\/betancuria-promuove-il-progetto-formate-per-la-popolazione-del-comune\/","title":{"rendered":"Betancuria promuove il progetto &#8220;F\u00f3rmate&#8221; per la popolazione del comune."},"content":{"rendered":"<div class=\"inner-box\">\n<figure class=\"image-box\"><img fetchpriority=\"high\" decoding=\"async\" width=\"730\" height=\"500\" src=\"https:\/\/informacionlocal.es\/wp-content\/uploads\/2025\/04\/dsc0296-730x500-2.jpg\" class=\"attachment-whitehall_730x500 size-whitehall_730x500 wp-post-image\" title=\"dsc0296-730x500-2\"><\/figure>\n<div class=\"post-date\">\n<h3>24settembre<span>&#8217;24<\/span><\/h3>\n<\/div>\n<div class=\"lower-content\">\n<div class=\"category\">Notizie, Annunci<\/div>\n<ul class=\"post-info clearfix\">\n<li>Stampa<\/li>\n<li>0 Commenti<\/li>\n<\/ul>\n<\/div>\n<p>Il sindaco di Betancuria Enrique Cerde\u00f1a, attraverso un proclama, informa la popolazione del comune che il Municipio di Betancuria, in collaborazione con Radio ECCA Fundaci\u00f3n Canaria, intende promuovere il Progetto &#8220;F\u00d3RMATE&#8221; per migliorare la formazione accademica della popolazione del comune di Betancuria.<\/p>\n<p>L&#8217;obiettivo di questo progetto &#8220;\u00e8 offrire la possibilit\u00e0 di formare persone fornendo la qualifica ufficiale di un diploma di istruzione secondaria, che fa parte dell&#8217;istruzione e della formazione professionale dell&#8217;attuale sistema educativo spagnolo&#8221;.<\/p>\n<p>Le persone che sono registrate in questo comune e che sono interessate a partecipare allo stesso, possono contattare il Dipartimento dei Servizi Sociali, dal luned\u00ec al venerd\u00ec dalle ore 9.00-14.00 attraverso il numero di telefono 618-07-24-44. Anche all&#8217;Ufficio di Consulenza Cittadina di Valle de Santa In\u00e9s<br \/>dal luned\u00ec al venerd\u00ec dalle ore 9.00-14.00 (Tel. 928-87-80-92 Ext-9).  <\/p>\n<p>Il periodo di iscrizione per gli interessati inizia luned\u00ec 23 settembre e termina luned\u00ec 30 settembre 2024. La preferenza sar\u00e0 data a coloro che frequentano l&#8217;ultimo anno della scuola secondaria. L&#8217;ordine di ammissione sar\u00e0 quello delle domande pervenute.  <\/p>\n<\/div>\n","protected":false},"excerpt":{"rendered":"<p>24settembre&#8217;24 Notizie, Annunci Stampa 0 Commenti Il sindaco di Betancuria Enrique Cerde\u00f1a, attraverso un proclama, informa la popolazione del comune che il Municipio di Betancuria, in collaborazione con Radio ECCA [&hellip;]<\/p>\n","protected":false},"author":1,"featured_media":769,"comment_status":"open","ping_status":"open","sticky":false,"template":"","format":"standard","meta":{"inline_featured_image":false,"jnews-multi-image_gallery":[],"jnews_single_post":[],"jnews_primary_category":[],"jnews_social_meta":[],"jnews_override_counter":[],"jnews_post_split":[],"footnotes":""},"categories":[286],"tags":[202,247,221,222,203],"class_list":["post-1329","post","type-post","status-publish","format-standard","has-post-thumbnail","hentry","category-betancuria-it","tag-comuni","tag-formalita","tag-istruzione","tag-occupazione-e-formazione","tag-servizi-pubblici"],"jetpack_featured_media_url":"https:\/\/informacionlocal.es\/wp-content\/uploads\/2025\/04\/dsc0296-730x500-1.jpg","_links":{"self":[{"href":"https:\/\/informacionlocal.es\/it\/wp-json\/wp\/v2\/posts\/1329","targetHints":{"allow":["GET"]}}],"collection":[{"href":"https:\/\/informacionlocal.es\/it\/wp-json\/wp\/v2\/posts"}],"about":[{"href":"https:\/\/informacionlocal.es\/it\/wp-json\/wp\/v2\/types\/post"}],"author":[{"embeddable":true,"href":"https:\/\/informacionlocal.es\/it\/wp-json\/wp\/v2\/users\/1"}],"replies":[{"embeddable":true,"href":"https:\/\/informacionlocal.es\/it\/wp-json\/wp\/v2\/comments?post=1329"}],"version-history":[{"count":1,"href":"https:\/\/informacionlocal.es\/it\/wp-json\/wp\/v2\/posts\/1329\/revisions"}],"predecessor-version":[{"id":1780,"href":"https:\/\/informacionlocal.es\/it\/wp-json\/wp\/v2\/posts\/1329\/revisions\/1780"}],"wp:featuredmedia":[{"embeddable":true,"href":"https:\/\/informacionlocal.es\/it\/wp-json\/wp\/v2\/media\/769"}],"wp:attachment":[{"href":"https:\/\/informacionlocal.es\/it\/wp-json\/wp\/v2\/media?parent=1329"}],"wp:term":[{"taxonomy":"category","embeddable":true,"href":"https:\/\/informacionlocal.es\/it\/wp-json\/wp\/v2\/categories?post=1329"},{"taxonomy":"post_tag","embeddable":true,"href":"https:\/\/informacionlocal.es\/it\/wp-json\/wp\/v2\/tags?post=1329"}],"curies":[{"name":"wp","href":"https:\/\/api.w.org\/{rel}","templated":true}]}}