{"id":13273,"date":"2025-10-30T18:58:32","date_gmt":"2025-10-30T18:58:32","guid":{"rendered":"https:\/\/informacionlocal.es\/casi-600-personas-se-acercan-a-la-astronomia-con-las-jornadas-de-observacion-del-cielo-profundo\/"},"modified":"2025-10-30T18:58:32","modified_gmt":"2025-10-30T18:58:32","slug":"casi-600-personas-se-acercan-a-la-astronomia-con-las-jornadas-de-observacion-del-cielo-profundo","status":"publish","type":"post","link":"https:\/\/informacionlocal.es\/it\/casi-600-personas-se-acercan-a-la-astronomia-con-las-jornadas-de-observacion-del-cielo-profundo\/","title":{"rendered":"\ufeffCasi 600 personas se acercan a la astronom\u00eda con las Jornadas de Observaci\u00f3n del Cielo Profundo"},"content":{"rendered":"<div class=\"entry-content\"><strong>30 octubre, 2025<\/strong><\/p>\n<p>El Cabildo de Fuerteventura, a trav\u00e9s de la Consejer\u00eda de Nuevas Tecnolog\u00edas, que dirige Carmen Alonso Saavedra, celebr\u00f3 las Jornadas de Observaci\u00f3n de Cielo Profundo, una iniciativa gratuita que reuni\u00f3 a casi 600 personas en distintos puntos de la isla para disfrutar de la astronom\u00eda bajo el cielo majorero.<\/p>\n<p>Las actividades se desarrollaron en tres ubicaciones emblem\u00e1ticas como son el Albergue de Tef\u00eda (Puerto del Rosario), la explanada de la Iglesia de El Cotillo (La Oliva) y la explanada del Cementerio de Morro Jable (P\u00e1jara), entre los d\u00edas 26 y 29 de octubre. Cada sesi\u00f3n estuvo orientada a diferentes colectivos, pero abierta a todo el p\u00fablico general, logrando acercar el conocimiento cient\u00edfico a una audiencia diversa y variada.<\/p>\n<p>Las observaciones fueron guiadas por expertos que ofrecieron explicaciones accesibles y divulgativas, despertando el inter\u00e9s por la ciencia y el universo entre personas de todas las edades.<\/p>\n<p>La consejera Carmen Alonso Saavedra puso en valor \u201cla excelente acogida de estas jornadas, que demuestran el inter\u00e9s de la ciudadan\u00eda por conocer y disfrutar del cielo de Fuerteventura, uno de los m\u00e1s limpios y privilegiados del Archipi\u00e9lago para la observaci\u00f3n astron\u00f3mica\u201d.<\/p>\n<p>El Cabildo de Fuerteventura agradece la colaboraci\u00f3n de los Ayuntamientos de P\u00e1jara y La Oliva, as\u00ed como de la Consejer\u00eda de Educaci\u00f3n y Juventud, y las entidades culturales que participaron en la organizaci\u00f3n, haciendo posible una experiencia que combina ciencia, tecnolog\u00eda y participaci\u00f3n ciudadana.<\/p>\n<p>Estas jornadas, enmarcadas en el Programa FDCAN Fuerteventura 2023-2027, resaltan el compromiso insular con la promoci\u00f3n del conocimiento y la puesta en valor del cielo majorero como un recurso cient\u00edfico, cultural y tur\u00edstico de primer nivel.<\/p>\n<\/div>\n","protected":false},"excerpt":{"rendered":"<p>30 octubre, 2025 El Cabildo de Fuerteventura, a trav\u00e9s de la Consejer\u00eda de Nuevas Tecnolog\u00edas, que dirige Carmen Alonso Saavedra, celebr\u00f3 las Jornadas de Observaci\u00f3n de Cielo Profundo, una iniciativa [&hellip;]<\/p>\n","protected":false},"author":1,"featured_media":13275,"comment_status":"open","ping_status":"open","sticky":false,"template":"","format":"standard","meta":{"inline_featured_image":false,"jnews-multi-image_gallery":[],"jnews_single_post":[],"jnews_primary_category":[],"jnews_social_meta":[],"jnews_override_counter":[],"jnews_post_split":[],"footnotes":""},"categories":[58],"tags":[73,82],"class_list":["post-13273","post","type-post","status-publish","format-standard","has-post-thumbnail","hentry","category-cabildo","tag-educacion","tag-fuerteventura"],"jetpack_featured_media_url":"https:\/\/informacionlocal.es\/wp-content\/uploads\/2025\/10\/rgrgr.jpeg","_links":{"self":[{"href":"https:\/\/informacionlocal.es\/it\/wp-json\/wp\/v2\/posts\/13273","targetHints":{"allow":["GET"]}}],"collection":[{"href":"https:\/\/informacionlocal.es\/it\/wp-json\/wp\/v2\/posts"}],"about":[{"href":"https:\/\/informacionlocal.es\/it\/wp-json\/wp\/v2\/types\/post"}],"author":[{"embeddable":true,"href":"https:\/\/informacionlocal.es\/it\/wp-json\/wp\/v2\/users\/1"}],"replies":[{"embeddable":true,"href":"https:\/\/informacionlocal.es\/it\/wp-json\/wp\/v2\/comments?post=13273"}],"version-history":[{"count":0,"href":"https:\/\/informacionlocal.es\/it\/wp-json\/wp\/v2\/posts\/13273\/revisions"}],"wp:featuredmedia":[{"embeddable":true,"href":"https:\/\/informacionlocal.es\/it\/wp-json\/wp\/v2\/media\/13275"}],"wp:attachment":[{"href":"https:\/\/informacionlocal.es\/it\/wp-json\/wp\/v2\/media?parent=13273"}],"wp:term":[{"taxonomy":"category","embeddable":true,"href":"https:\/\/informacionlocal.es\/it\/wp-json\/wp\/v2\/categories?post=13273"},{"taxonomy":"post_tag","embeddable":true,"href":"https:\/\/informacionlocal.es\/it\/wp-json\/wp\/v2\/tags?post=13273"}],"curies":[{"name":"wp","href":"https:\/\/api.w.org\/{rel}","templated":true}]}}