{"id":13267,"date":"2025-10-30T17:58:45","date_gmt":"2025-10-30T17:58:45","guid":{"rendered":"https:\/\/informacionlocal.es\/el-cabildo-libera-ejemplares-de-pardela-dentro-de-la-campana-de-proteccion-de-la-especie\/"},"modified":"2025-10-30T17:58:45","modified_gmt":"2025-10-30T17:58:45","slug":"el-cabildo-libera-ejemplares-de-pardela-dentro-de-la-campana-de-proteccion-de-la-especie","status":"publish","type":"post","link":"https:\/\/informacionlocal.es\/it\/el-cabildo-libera-ejemplares-de-pardela-dentro-de-la-campana-de-proteccion-de-la-especie\/","title":{"rendered":"\ufeffEl Cabildo libera ejemplares de pardela dentro de la campa\u00f1a de protecci\u00f3n de la especie"},"content":{"rendered":"<div class=\"entry-content\"><strong>30 octubre, 2025<\/strong><\/p>\n<p><em><strong>M\u00e1s de una treintena de pardelas han sido puestas hasta ahora en libertad, dentro de una campa\u00f1a que se desarrolla cada a\u00f1o durante los meses de octubre y noviembre<\/strong><\/em><strong>J<\/strong><\/p>\n<p>El Cabildo de Fuerteventura, a trav\u00e9s del \u00e1rea de Medio Ambiente, se encuentra inmersa en la campa\u00f1a de protecci\u00f3n de la pardela cenicienta (<em>Calonectris borealis<\/em>), que se desarrolla, principalmente, durante los meses de octubre y noviembre. Hasta la fecha, han sido recuperadas y liberadas m\u00e1s de una treintena de pardelas, durante la presente campa\u00f1a, gracias a la colaboraci\u00f3n ciudadana e institucional, la gran mayor\u00eda de los ejemplares se hallaron en el municipio de La Oliva.<\/p>\n<p>En el d\u00eda de hoy, la Consejer\u00eda de Medio Ambiente ha procedido a la liberaci\u00f3n de seis de estas pardelas, con la presencia del consejero de Medio Ambiente, Carlos Rodr\u00edguez, y estudiantes del Centro P\u00fablico de Educaci\u00f3n de Personas Adultas Fuerteventura Norte.<\/p>\n<p>Las pardelas halladas reciben atenci\u00f3n en el Centro de Recuperaci\u00f3n de Fauna Silvestre de la Estaci\u00f3n Biol\u00f3gica de La Oliva. La gran mayor\u00eda de los ejemplares presentan buen estado de salud, por lo que son anillados para su seguimiento y liberados. Sin embargo, otra cantidad de pardelas ingresan con problemas de deshidrataci\u00f3n, traumatismos, parasitismo u otras sintomatolog\u00edas, por lo que requieren de un mayor periodo de cuidado y atenci\u00f3n para su recuperaci\u00f3n, recibiendo tratamiento veterinario.<\/p>\n<p><strong>Campa\u00f1a de la pardela<\/strong><\/p>\n<p>Como cada a\u00f1o, la Consejer\u00eda de Medio Ambiente ha puesto en marcha la campa\u00f1a de protecci\u00f3n de esta especie, dando a conocer el protocolo de actuaci\u00f3n a la hora de hallar un ejemplar accidentado de pardela cenicienta, que se incluye en el Listado de Especies Silvestres en R\u00e9gimen de Protecci\u00f3n Especial, en el anexo I de la Directiva de Aves y en el convenio de Berna.<\/p>\n<p>A trav\u00e9s de esta campa\u00f1a, se informa a la ciudadan\u00eda sobre qu\u00e9 hacer en el caso de hallar una pardela ca\u00edda: llamar al 112 para activar el protocolo de rescate, e indicar con precisi\u00f3n la ubicaci\u00f3n. Si es posible, el animal debe colocarse en una caja de cart\u00f3n ventilada en un lugar tranquilo, sin darle agua ni comida. Personal especializado de Medio Ambiente acudir\u00e1 para recoger el ave, velar por su recuperaci\u00f3n y devolverla al mar en las mejores condiciones.<\/p>\n<p>El consejero de Medio Ambiente, Carlos Rodr\u00edguez, explica que la pardela cenicienta es un tesoro natural de Canarias, formando parte de la identidad del Archipi\u00e9lago. Por ello, \u201cdebemos protegerla a trav\u00e9s de un compromiso colectivo en que cada gesto cuenta para garantizar su supervivencia\u201d.<\/p>\n<p>La pardela cenicienta atl\u00e1ntica (<em>Calonectris borealis<\/em>) es una de las aves marinas m\u00e1s emblem\u00e1ticas del Archipi\u00e9lago. Migratorias por naturaleza, pasa gran parte de su vida en alta mar y solo toca tierra firme para reproducirse. Cada pareja deposita un \u00fanico huevo al a\u00f1o, dedicando todo su esfuerzo a sacar adelante a su polluelo frente a numerosas amenazas como la contaminaci\u00f3n marina, los choques con tendidos el\u00e9ctricos o la depredaci\u00f3n.<\/p>\n<p>El momento m\u00e1s cr\u00edtico llega en los primeros vuelos de los pollos, entre octubre y noviembre. Desorientadas por la contaminaci\u00f3n lum\u00ednica, muchas pardelas caen al suelo, donde son vulnerables a atropellos, depredadores o la inanici\u00f3n, ya que no son capaces de remontar el vuelo por s\u00ed mismas.<\/p>\n<p>Desde la Consejer\u00eda de Medio Ambiente, se hace un llamamiento a continuar colaborando en pr\u00f3ximas campa\u00f1as y a seguir reportando al 112 en caso de encontrar pardelas en situaci\u00f3n de riesgo. En ese sentido, la labor de protecci\u00f3n de la pardela cenicienta es esencial para la biodiversidad y el equilibrio ecol\u00f3gico de las costas de Fuerteventura.<\/p>\n<\/div>\n","protected":false},"excerpt":{"rendered":"<p>30 octubre, 2025 M\u00e1s de una treintena de pardelas han sido puestas hasta ahora en libertad, dentro de una campa\u00f1a que se desarrolla cada a\u00f1o durante los meses de octubre [&hellip;]<\/p>\n","protected":false},"author":1,"featured_media":13269,"comment_status":"open","ping_status":"open","sticky":false,"template":"","format":"standard","meta":{"inline_featured_image":false,"jnews-multi-image_gallery":[],"jnews_single_post":[],"jnews_primary_category":[],"jnews_social_meta":[],"jnews_override_counter":[],"jnews_post_split":[],"footnotes":""},"categories":[58],"tags":[73,82,76],"class_list":["post-13267","post","type-post","status-publish","format-standard","has-post-thumbnail","hentry","category-cabildo","tag-educacion","tag-fuerteventura","tag-medio-ambiente"],"jetpack_featured_media_url":"https:\/\/informacionlocal.es\/wp-content\/uploads\/2025\/10\/fgfg.jpeg","_links":{"self":[{"href":"https:\/\/informacionlocal.es\/it\/wp-json\/wp\/v2\/posts\/13267","targetHints":{"allow":["GET"]}}],"collection":[{"href":"https:\/\/informacionlocal.es\/it\/wp-json\/wp\/v2\/posts"}],"about":[{"href":"https:\/\/informacionlocal.es\/it\/wp-json\/wp\/v2\/types\/post"}],"author":[{"embeddable":true,"href":"https:\/\/informacionlocal.es\/it\/wp-json\/wp\/v2\/users\/1"}],"replies":[{"embeddable":true,"href":"https:\/\/informacionlocal.es\/it\/wp-json\/wp\/v2\/comments?post=13267"}],"version-history":[{"count":0,"href":"https:\/\/informacionlocal.es\/it\/wp-json\/wp\/v2\/posts\/13267\/revisions"}],"wp:featuredmedia":[{"embeddable":true,"href":"https:\/\/informacionlocal.es\/it\/wp-json\/wp\/v2\/media\/13269"}],"wp:attachment":[{"href":"https:\/\/informacionlocal.es\/it\/wp-json\/wp\/v2\/media?parent=13267"}],"wp:term":[{"taxonomy":"category","embeddable":true,"href":"https:\/\/informacionlocal.es\/it\/wp-json\/wp\/v2\/categories?post=13267"},{"taxonomy":"post_tag","embeddable":true,"href":"https:\/\/informacionlocal.es\/it\/wp-json\/wp\/v2\/tags?post=13267"}],"curies":[{"name":"wp","href":"https:\/\/api.w.org\/{rel}","templated":true}]}}