{"id":13199,"date":"2025-10-29T18:59:13","date_gmt":"2025-10-29T18:59:13","guid":{"rendered":"https:\/\/informacionlocal.es\/africagua-canarias-celebra-su-ix-edicion-los-dias-20-y-21-de-noviembre-en-fuerteventura\/"},"modified":"2025-10-29T18:59:13","modified_gmt":"2025-10-29T18:59:13","slug":"africagua-canarias-celebra-su-ix-edicion-los-dias-20-y-21-de-noviembre-en-fuerteventura","status":"publish","type":"post","link":"https:\/\/informacionlocal.es\/it\/africagua-canarias-celebra-su-ix-edicion-los-dias-20-y-21-de-noviembre-en-fuerteventura\/","title":{"rendered":"\ufeffAfricagua Canarias celebra su IX edici\u00f3n los d\u00edas 20 y 21 de noviembre en Fuerteventura"},"content":{"rendered":"<div class=\"entry-content\"><strong>29 octubre, 2025<\/strong><\/p>\n<p><strong>El Palacio de Formaci\u00f3n y Congresos de Fuerteventura acoger\u00e1 los d\u00edas 20 y 21 de noviembre la IX edici\u00f3n de Africagua Canarias 2025, el foro internacional que re\u00fane a empresas, instituciones y expertos para impulsar soluciones sostenibles en el \u00e1mbito del agua y las energ\u00edas renovables.<\/strong><\/p>\n<p>El Cabildo, C\u00e1mara de Comercio de Fuerteventura y el Gobierno de Canarias, han presentado hoy la\u00a0<strong>IX edici\u00f3n de Africagua Canarias 2025<\/strong>, el foro internacional del agua y las energ\u00edas renovables que tendr\u00e1 lugar los d\u00edas\u00a0<strong>20 y 21 de noviembre en el Palacio de Formaci\u00f3n y Congresos de Fuerteventura<\/strong>.<\/p>\n<p>El acto de presentaci\u00f3n, celebrado en el Sal\u00f3n de Plenos del Cabildo, cont\u00f3 con la participaci\u00f3n de la presidenta insular, Lola Garc\u00eda; el presidente de la C\u00e1mara de Comercio de Fuerteventura, Juan Jes\u00fas Rodr\u00edguez Marichal; el consejero de Pol\u00edtica Territorial, Cohesi\u00f3n Territorial y Aguas del Gobierno de Canarias, Manuel Miranda; el alcalde de Puerto del Rosario, David de Vera; el secretario general de Casa \u00c1frica, Justo Artiles, y el director de la Agencia Canaria de Investigaci\u00f3n, Innovaci\u00f3n y Sociedad de la Informaci\u00f3n (ACIISI), Javier Franco Hormiga. Estuvo presente, asimismo, la consejera insular de Promoci\u00f3n Econ\u00f3mica, Nuria Cabrera, y representantes de Caja 7.<\/p>\n<p>La presidenta insular, Lola Garc\u00eda, puso en valor \u201cun foro que ya est\u00e1 consolidado en nuestra isla y que ha demostrado con creces su capacidad para conectar continentes, compartir conocimiento y generar oportunidades reales en torno al agua y las energ\u00edas renovables\u201d.<\/p>\n<p>\u201cPara Fuerteventura, este evento tiene un significado especial como territorio \u00e1rido, compartiendo soluciones para poder avanzar y reuniendo en la Isla a representante de pa\u00edses africanos, junto a delegaciones europeas y americanas que trabajan por un mismo objetivo: garantizar un futuro m\u00e1s sostenible para todos\u201d, a\u00f1adi\u00f3 Garc\u00eda.<\/p>\n<p>Durante su intervenci\u00f3n, el presidente de la C\u00e1mara de Comercio, Juan Jes\u00fas Rodr\u00edguez Marichal, destac\u00f3 que \u00abAfricagua nace con una clara vocaci\u00f3n de cooperaci\u00f3n internacional, generando sinergias entre el tejido empresarial canario y los pa\u00edses africanos que este a\u00f1o tienen una presencia a\u00fan m\u00e1s destacada\u00bb.<\/p>\n<p>Subray\u00f3 que \u00abla Global Startup Competition ampl\u00eda ese potencial, al ofrecer un espacio donde las startups presentar\u00e1n proyectos innovadores ante inversores y empresas consolidadas, favoreciendo la transferencia tecnol\u00f3gica y la creaci\u00f3n de oportunidades reales de negocio\u00bb.<\/p>\n<p>El consejero de Pol\u00edtica Territorial y Aguas, Manuel Miranda, aplaudi\u00f3 la continuidad de esta iniciativa, clave para fortalecer la cooperaci\u00f3n internacional y seguir avanzando en una mejor gesti\u00f3n del ciclo integral del agua.\u00a0 \u201cPara el Gobierno de Canarias, este foro representa mucho m\u00e1s que un evento t\u00e9cnico o empresarial. Es una expresi\u00f3n concreta de nuestra pol\u00edtica territorial y de cohesi\u00f3n, que apuesta por unir capacidades, territorios y conocimientos para avanzar hacia un futuro m\u00e1s sostenible, buscando socios en los territorios y pa\u00edses vecinos\u201d.\u00a0<\/p>\n<p>Miranda a\u00f1adi\u00f3 que, en Canarias, en esta legislatura, se ha trabajado para poner al d\u00eda la planificaci\u00f3n hidrol\u00f3gica en todas las islas, cumpliendo con los plazos marcados por la Directiva Marco del Agua y reforzando la capacidad de adaptaci\u00f3n del archipi\u00e9lago frente al cambio clim\u00e1tico. \u201cEste esfuerzo nos permite no solo planificar con rigor, sino tambi\u00e9n compartir experiencia y conocimiento con otros territorios que afrontan desaf\u00edos similares\u201d.<\/p>\n<p>El alcalde de Puerto del Rosario, David de Vera, felicit\u00f3 a la organizaci\u00f3n por la consolidaci\u00f3n de Africagua, \u201cun foro que busca esa transmisi\u00f3n de conocimientos y tecnolog\u00edas con los pa\u00edses africanos, debiendo impulsarse, para ello, las comunicaciones con el norte este continente\u201d<\/p>\n<p>Por su parte, la t\u00e9cnica de la C\u00e1mara de Comercio, Sof\u00eda Morales, present\u00f3 los detalles del programa, que incluir\u00e1\u00a0<strong>conferencias, mesas tem\u00e1ticas y encuentros B2B<\/strong>, as\u00ed como la\u00a0<strong>Global Startup Competition<\/strong>, en la que participar\u00e1n m\u00e1s de\u00a0<strong>50 startups<\/strong>\u00a0que desarrollan soluciones innovadoras vinculadas al agua y la energ\u00eda.<\/p>\n<p>Africagua Canarias se estructura en torno a seis ejes principales \u2014<strong>agua, energ\u00edas renovables, ingenier\u00eda e infraestructuras, I+D+i, gobernanza y financiaci\u00f3n, y dimensi\u00f3n social<\/strong>\u2014 y re\u00fane a representantes institucionales, expertos, empresas y organismos multilaterales.<\/p>\n<p>En su edici\u00f3n de 2023, el foro registr\u00f3\u00a0<strong>m\u00e1s de 300 participantes y 84 encuentros bilaterales<\/strong>, consolid\u00e1ndose como un espacio de referencia para la colaboraci\u00f3n p\u00fablico-privada en el \u00e1mbito de la sostenibilidad. Para 2025, las organizaciones promotoras han anunciado la\u00a0<strong>ampliaci\u00f3n de los encuentros bilaterales<\/strong>, con el apoyo de la red\u00a0<strong>Enterprise Europe Network Canarias<\/strong>.<\/p>\n<p><strong>Africagua Canarias 2025<\/strong>\u00a0est\u00e1 organizado por la\u00a0<strong>C\u00e1mara de Comercio de Fuerteventura<\/strong>, el\u00a0<strong>Cabildo de Fuerteventura<\/strong>\u00a0y el\u00a0<strong>Gobierno de Canarias<\/strong>, con la colaboraci\u00f3n de\u00a0<strong>ICEX, ITC, PROEXCA, Casa \u00c1frica, EEN Canarias, la Universidad de Las Palmas de Gran Canaria y CajaSiete<\/strong>.<\/p>\n<p>Toda la informaci\u00f3n del foro, as\u00ed como el registro para los encuentros B2B, est\u00e1 disponible en la web oficial:\u00a0www.africaguacanarias.com<\/p>\n<\/div>\n","protected":false},"excerpt":{"rendered":"<p>29 octubre, 2025 El Palacio de Formaci\u00f3n y Congresos de Fuerteventura acoger\u00e1 los d\u00edas 20 y 21 de noviembre la IX edici\u00f3n de Africagua Canarias 2025, el foro internacional que [&hellip;]<\/p>\n","protected":false},"author":1,"featured_media":13201,"comment_status":"open","ping_status":"open","sticky":false,"template":"","format":"standard","meta":{"inline_featured_image":false,"jnews-multi-image_gallery":[],"jnews_single_post":[],"jnews_primary_category":[],"jnews_social_meta":[],"jnews_override_counter":[],"jnews_post_split":[],"footnotes":""},"categories":[58],"tags":[82],"class_list":["post-13199","post","type-post","status-publish","format-standard","has-post-thumbnail","hentry","category-cabildo","tag-fuerteventura"],"jetpack_featured_media_url":"https:\/\/informacionlocal.es\/wp-content\/uploads\/2025\/10\/rtgrg.jpeg","_links":{"self":[{"href":"https:\/\/informacionlocal.es\/it\/wp-json\/wp\/v2\/posts\/13199","targetHints":{"allow":["GET"]}}],"collection":[{"href":"https:\/\/informacionlocal.es\/it\/wp-json\/wp\/v2\/posts"}],"about":[{"href":"https:\/\/informacionlocal.es\/it\/wp-json\/wp\/v2\/types\/post"}],"author":[{"embeddable":true,"href":"https:\/\/informacionlocal.es\/it\/wp-json\/wp\/v2\/users\/1"}],"replies":[{"embeddable":true,"href":"https:\/\/informacionlocal.es\/it\/wp-json\/wp\/v2\/comments?post=13199"}],"version-history":[{"count":0,"href":"https:\/\/informacionlocal.es\/it\/wp-json\/wp\/v2\/posts\/13199\/revisions"}],"wp:featuredmedia":[{"embeddable":true,"href":"https:\/\/informacionlocal.es\/it\/wp-json\/wp\/v2\/media\/13201"}],"wp:attachment":[{"href":"https:\/\/informacionlocal.es\/it\/wp-json\/wp\/v2\/media?parent=13199"}],"wp:term":[{"taxonomy":"category","embeddable":true,"href":"https:\/\/informacionlocal.es\/it\/wp-json\/wp\/v2\/categories?post=13199"},{"taxonomy":"post_tag","embeddable":true,"href":"https:\/\/informacionlocal.es\/it\/wp-json\/wp\/v2\/tags?post=13199"}],"curies":[{"name":"wp","href":"https:\/\/api.w.org\/{rel}","templated":true}]}}