{"id":1319,"date":"2025-04-10T16:36:38","date_gmt":"2025-04-10T16:36:38","guid":{"rendered":"https:\/\/informacionlocal.es\/grande-partecipazione-di-pubblico-allo-stand-del-puerto-del-rosario-a-feaga-e-un-omaggio-al-bestiame-costiero-del-comune\/"},"modified":"2025-04-14T10:19:51","modified_gmt":"2025-04-14T10:19:51","slug":"grande-partecipazione-di-pubblico-allo-stand-del-puerto-del-rosario-a-feaga-e-un-omaggio-al-bestiame-costiero-del-comune","status":"publish","type":"post","link":"https:\/\/informacionlocal.es\/it\/grande-partecipazione-di-pubblico-allo-stand-del-puerto-del-rosario-a-feaga-e-un-omaggio-al-bestiame-costiero-del-comune\/","title":{"rendered":"Grande partecipazione di pubblico allo stand del Puerto del Rosario a Feaga e un omaggio al bestiame costiero del comune."},"content":{"rendered":"<div class=\"entry-content\">\n<p><span class=\"html-span xexx8yu x4uap5 x18d9i69 xkhd6sd x1hl2dhg x16tdsg8 x1vvkbs x3nfvp2 x1j61x8r x1fcty0u xdj266r xat24cr xgzva0m xhhsvwb xxymvpz xlup9mm x1kky2od\"><img loading=\"lazy\" decoding=\"async\" loading=\"lazy\" class=\"xz74otr x168nmei x13lgxp2 x5pf9jr xo71vjh\" src=\"https:\/\/informacionlocal.es\/wp-content\/uploads\/2025\/04\/1f9c0.png\" alt=\"\ud83e\uddc0\" width=\"16\" height=\"16\" title=\"1f9c0\"><\/span><span class=\"html-span xexx8yu x4uap5 x18d9i69 xkhd6sd x1hl2dhg x16tdsg8 x1vvkbs x3nfvp2 x1j61x8r x1fcty0u xdj266r xat24cr xgzva0m xhhsvwb xxymvpz xlup9mm x1kky2od\"><img loading=\"lazy\" decoding=\"async\" loading=\"lazy\" class=\"xz74otr x168nmei x13lgxp2 x5pf9jr xo71vjh\" src=\"https:\/\/informacionlocal.es\/wp-content\/uploads\/2025\/04\/1f377.png\" alt=\"\ud83c\udf77\" width=\"16\" height=\"16\" title=\"1f377\"><\/span><span class=\"html-span xexx8yu x4uap5 x18d9i69 xkhd6sd x1hl2dhg x16tdsg8 x1vvkbs x3nfvp2 x1j61x8r x1fcty0u xdj266r xat24cr xgzva0m xhhsvwb xxymvpz xlup9mm x1kky2od\"><img loading=\"lazy\" decoding=\"async\" loading=\"lazy\" class=\"xz74otr x168nmei x13lgxp2 x5pf9jr xo71vjh\" src=\"https:\/\/informacionlocal.es\/wp-content\/uploads\/2025\/04\/1fadb.png\" alt=\"\ud83e\udedb\" width=\"16\" height=\"16\" title=\"1fadb\"><\/span><span class=\"html-span xexx8yu x4uap5 x18d9i69 xkhd6sd x1hl2dhg x16tdsg8 x1vvkbs x3nfvp2 x1j61x8r x1fcty0u xdj266r xat24cr xgzva0m xhhsvwb xxymvpz xlup9mm x1kky2od\"><img loading=\"lazy\" decoding=\"async\" loading=\"lazy\" class=\"xz74otr x168nmei x13lgxp2 x5pf9jr xo71vjh\" src=\"https:\/\/informacionlocal.es\/wp-content\/uploads\/2025\/04\/1f956.png\" alt=\"\ud83e\udd56\" width=\"16\" height=\"16\" title=\"1f956\"><\/span>Un fantastico lampone accoglie i visitatori dello stand della capitale con degustazioni di formaggi, vini, capperi, pane assortito e gelatine di latte di capra, tra gli altri.<\/p>\n<div class=\"x11i5rnm xat24cr x1mh8g0r x1vvkbs xtlvy1s x126k92a\">\n<div dir=\"auto\"><span class=\"html-span xexx8yu x4uap5 x18d9i69 xkhd6sd x1hl2dhg x16tdsg8 x1vvkbs x3nfvp2 x1j61x8r x1fcty0u xdj266r xat24cr xgzva0m xhhsvwb xxymvpz xlup9mm x1kky2od\"><img loading=\"lazy\" decoding=\"async\" loading=\"lazy\" class=\"xz74otr x168nmei x13lgxp2 x5pf9jr xo71vjh\" src=\"https:\/\/informacionlocal.es\/wp-content\/uploads\/2025\/04\/1f3a5.png\" alt=\"\ud83c\udfa5\" width=\"16\" height=\"16\" title=\"1f3a5\"><\/span>  Un video, con impressionanti immagini aeree, viene proiettato su uno schermo che mostra l&#8217;arte dell&#8217;allevamento nel comune.<\/div>\n<\/div>\n<div class=\"x11i5rnm xat24cr x1mh8g0r x1vvkbs xtlvy1s x126k92a\">\n<div dir=\"auto\">La prima giornata di questa edizione si conclude con diversi spettacoli:<\/div>\n<\/div>\n<div class=\"x11i5rnm xat24cr x1mh8g0r x1vvkbs xtlvy1s x126k92a\">\n<div dir=\"auto\"><span class=\"html-span xexx8yu x4uap5 x18d9i69 xkhd6sd x1hl2dhg x16tdsg8 x1vvkbs x3nfvp2 x1j61x8r x1fcty0u xdj266r xat24cr xgzva0m xhhsvwb xxymvpz xlup9mm x1kky2od\"><img loading=\"lazy\" decoding=\"async\" loading=\"lazy\" class=\"xz74otr x168nmei x13lgxp2 x5pf9jr xo71vjh\" src=\"https:\/\/informacionlocal.es\/wp-content\/uploads\/2025\/04\/2714.png\" alt=\"\u2714\ufe0f\" width=\"16\" height=\"16\" title=\"2714\"><\/span>Visita allo stand di autorit\u00e0 regionali e insulari.<\/div>\n<div dir=\"auto\"><span class=\"html-span xexx8yu x4uap5 x18d9i69 xkhd6sd x1hl2dhg x16tdsg8 x1vvkbs x3nfvp2 x1j61x8r x1fcty0u xdj266r xat24cr xgzva0m xhhsvwb xxymvpz xlup9mm x1kky2od\"><img loading=\"lazy\" decoding=\"async\" loading=\"lazy\" class=\"xz74otr x168nmei x13lgxp2 x5pf9jr xo71vjh\" src=\"https:\/\/informacionlocal.es\/wp-content\/uploads\/2025\/04\/2714.png\" alt=\"\u2714\ufe0f\" width=\"16\" height=\"16\" title=\"2714\"><\/span>Partecipazione degli studenti.<\/div>\n<div dir=\"auto\"><span class=\"html-span xexx8yu x4uap5 x18d9i69 xkhd6sd x1hl2dhg x16tdsg8 x1vvkbs x3nfvp2 x1j61x8r x1fcty0u xdj266r xat24cr xgzva0m xhhsvwb xxymvpz xlup9mm x1kky2od\"><img loading=\"lazy\" decoding=\"async\" loading=\"lazy\" class=\"xz74otr x168nmei x13lgxp2 x5pf9jr xo71vjh\" src=\"https:\/\/informacionlocal.es\/wp-content\/uploads\/2025\/04\/2714.png\" alt=\"\u2714\ufe0f\" width=\"16\" height=\"16\" title=\"2714\"><\/span>Visita dei rappresentanti del Corpo di Polizia Nazionale (CNP), della Guardia Civil (GC) e del Reggimento di Fanteria Leggera n. 9 di Soria.<\/div>\n<\/div>\n<div class=\"x11i5rnm xat24cr x1mh8g0r x1vvkbs xtlvy1s x126k92a\">\n<div dir=\"auto\"><span class=\"html-span xexx8yu x4uap5 x18d9i69 xkhd6sd x1hl2dhg x16tdsg8 x1vvkbs x3nfvp2 x1j61x8r x1fcty0u xdj266r xat24cr xgzva0m xhhsvwb xxymvpz xlup9mm x1kky2od\"><img loading=\"lazy\" decoding=\"async\" loading=\"lazy\" class=\"xz74otr x168nmei x13lgxp2 x5pf9jr xo71vjh\" src=\"https:\/\/informacionlocal.es\/wp-content\/uploads\/2025\/04\/1f4d6.png\" alt=\"\ud83d\udcd6\" width=\"16\" height=\"16\" title=\"1f4d6\"><\/span>  Un emozionante omaggio al patrimonio zootecnico costiero del comune, con la presentazione del libro &#8220;Las apa\u00f1adas en la Costa de Puerto del Rosario&#8221; dello storico Javier Cerde\u00f1a Garc\u00eda e la consegna di targhe di ringraziamento a:<\/div>\n<\/div>\n<div class=\"x11i5rnm xat24cr x1mh8g0r x1vvkbs xtlvy1s x126k92a\">\n<div dir=\"auto\"><span class=\"html-span xexx8yu x4uap5 x18d9i69 xkhd6sd x1hl2dhg x16tdsg8 x1vvkbs x3nfvp2 x1j61x8r x1fcty0u xdj266r xat24cr xgzva0m xhhsvwb xxymvpz xlup9mm x1kky2od\"><img loading=\"lazy\" decoding=\"async\" loading=\"lazy\" class=\"xz74otr x168nmei x13lgxp2 x5pf9jr xo71vjh\" src=\"https:\/\/informacionlocal.es\/wp-content\/uploads\/2025\/04\/1f410.png\" alt=\"\ud83d\udc10\" width=\"16\" height=\"16\" title=\"1f410\"><\/span>Associazione di agricoltori &#8220;La Puipana&#8221; del Mancom\u00fan di Puerto del Rosario.<\/div>\n<\/div>\n<div class=\"x11i5rnm xat24cr x1mh8g0r x1vvkbs xtlvy1s x126k92a\">\n<div dir=\"auto\"><span class=\"html-span xexx8yu x4uap5 x18d9i69 xkhd6sd x1hl2dhg x16tdsg8 x1vvkbs x3nfvp2 x1j61x8r x1fcty0u xdj266r xat24cr xgzva0m xhhsvwb xxymvpz xlup9mm x1kky2od\"><img loading=\"lazy\" decoding=\"async\" loading=\"lazy\" class=\"xz74otr x168nmei x13lgxp2 x5pf9jr xo71vjh\" src=\"https:\/\/informacionlocal.es\/wp-content\/uploads\/2025\/04\/1f410.png\" alt=\"\ud83d\udc10\" width=\"16\" height=\"16\" title=\"1f410\"><\/span>Commissario per le coste, Antonio Cabrera Morales.<\/div>\n<\/div>\n<div class=\"x11i5rnm xat24cr x1mh8g0r x1vvkbs xtlvy1s x126k92a\">\n<div dir=\"auto\"><span class=\"html-span xexx8yu x4uap5 x18d9i69 xkhd6sd x1hl2dhg x16tdsg8 x1vvkbs x3nfvp2 x1j61x8r x1fcty0u xdj266r xat24cr xgzva0m xhhsvwb xxymvpz xlup9mm x1kky2od\"><img loading=\"lazy\" decoding=\"async\" loading=\"lazy\" class=\"xz74otr x168nmei x13lgxp2 x5pf9jr xo71vjh\" src=\"https:\/\/informacionlocal.es\/wp-content\/uploads\/2025\/04\/1f5e3.png\" alt=\"\ud83d\udde3\" width=\"16\" height=\"16\" title=\"1f5e3\"><\/span>Il sindaco, David de Vera, invita tutti a visitare lo stand e a conoscere i nostri prodotti gastronomici, la nostra cultura e le nostre tradizioni.<\/div>\n<\/div>\n<div class=\"x11i5rnm xat24cr x1mh8g0r x1vvkbs xtlvy1s x126k92a\">\n<div dir=\"auto\"><span class=\"html-span xexx8yu x4uap5 x18d9i69 xkhd6sd x1hl2dhg x16tdsg8 x1vvkbs x3nfvp2 x1j61x8r x1fcty0u xdj266r xat24cr xgzva0m xhhsvwb xxymvpz xlup9mm x1kky2od\"><img loading=\"lazy\" decoding=\"async\" loading=\"lazy\" class=\"xz74otr x168nmei x13lgxp2 x5pf9jr xo71vjh\" src=\"https:\/\/informacionlocal.es\/wp-content\/uploads\/2025\/04\/1f5e3.png\" alt=\"\ud83d\udde3\" width=\"16\" height=\"16\" title=\"1f5e3\"><\/span>L&#8217;assessore al Settore primario, David de Le\u00f3n, si \u00e8 detto soddisfatto dell&#8217;attrattiva dello stand per il pubblico e dell&#8217;alto livello di partecipazione.<\/div>\n<\/div>\n<div class=\"x11i5rnm xat24cr x1mh8g0r x1vvkbs xtlvy1s x126k92a\">\n<div dir=\"auto\">Gli assessori al Turismo, Rosa Rodr\u00edguez, alla Partecipazione dei cittadini, Jenifer P\u00e9rez, ai Lavori pubblici, Ana Hern\u00e1ndez, e allo Sviluppo locale, Erica Gonz\u00e1lez, erano presenti alle diverse attivit\u00e0.<\/div>\n<\/div>\n<\/div>\n","protected":false},"excerpt":{"rendered":"<p>Un fantastico lampone accoglie i visitatori dello stand della capitale con degustazioni di formaggi, vini, capperi, pane assortito e gelatine di latte di capra, tra gli altri. Un video, con [&hellip;]<\/p>\n","protected":false},"author":1,"featured_media":556,"comment_status":"open","ping_status":"open","sticky":false,"template":"","format":"standard","meta":{"inline_featured_image":false,"jnews-multi-image_gallery":[],"jnews_single_post":[],"jnews_primary_category":[],"jnews_social_meta":[],"jnews_override_counter":[],"jnews_post_split":[],"footnotes":""},"categories":[295],"tags":[202,224,238,223,220],"class_list":["post-1319","post","type-post","status-publish","format-standard","has-post-thumbnail","hentry","category-puerto-del-rosario-it","tag-comuni","tag-cultura-e-tempo-libero","tag-eventi","tag-fuerteventura-it","tag-integrazione"],"jetpack_featured_media_url":"https:\/\/informacionlocal.es\/wp-content\/uploads\/2025\/04\/feaga-25-titu-placas-en-stand.jpg","_links":{"self":[{"href":"https:\/\/informacionlocal.es\/it\/wp-json\/wp\/v2\/posts\/1319","targetHints":{"allow":["GET"]}}],"collection":[{"href":"https:\/\/informacionlocal.es\/it\/wp-json\/wp\/v2\/posts"}],"about":[{"href":"https:\/\/informacionlocal.es\/it\/wp-json\/wp\/v2\/types\/post"}],"author":[{"embeddable":true,"href":"https:\/\/informacionlocal.es\/it\/wp-json\/wp\/v2\/users\/1"}],"replies":[{"embeddable":true,"href":"https:\/\/informacionlocal.es\/it\/wp-json\/wp\/v2\/comments?post=1319"}],"version-history":[{"count":1,"href":"https:\/\/informacionlocal.es\/it\/wp-json\/wp\/v2\/posts\/1319\/revisions"}],"predecessor-version":[{"id":1854,"href":"https:\/\/informacionlocal.es\/it\/wp-json\/wp\/v2\/posts\/1319\/revisions\/1854"}],"wp:featuredmedia":[{"embeddable":true,"href":"https:\/\/informacionlocal.es\/it\/wp-json\/wp\/v2\/media\/556"}],"wp:attachment":[{"href":"https:\/\/informacionlocal.es\/it\/wp-json\/wp\/v2\/media?parent=1319"}],"wp:term":[{"taxonomy":"category","embeddable":true,"href":"https:\/\/informacionlocal.es\/it\/wp-json\/wp\/v2\/categories?post=1319"},{"taxonomy":"post_tag","embeddable":true,"href":"https:\/\/informacionlocal.es\/it\/wp-json\/wp\/v2\/tags?post=1319"}],"curies":[{"name":"wp","href":"https:\/\/api.w.org\/{rel}","templated":true}]}}