{"id":13161,"date":"2025-10-29T12:58:29","date_gmt":"2025-10-29T12:58:29","guid":{"rendered":"https:\/\/informacionlocal.es\/antigua-prepara-ya-la-trigesimo-novena-edicion-del-encuentro-insular-de-villancicos\/"},"modified":"2025-10-29T12:58:29","modified_gmt":"2025-10-29T12:58:29","slug":"antigua-prepara-ya-la-trigesimo-novena-edicion-del-encuentro-insular-de-villancicos","status":"publish","type":"post","link":"https:\/\/informacionlocal.es\/it\/antigua-prepara-ya-la-trigesimo-novena-edicion-del-encuentro-insular-de-villancicos\/","title":{"rendered":"Antigua prepara ya la trig\u00e9simo novena edici\u00f3n del Encuentro Insular de Villancicos"},"content":{"rendered":"<div class=\"elementor-widget-container\">\n<p><strong>Antigua prepara ya la trig\u00e9simo novena edici\u00f3n del Encuentro Insular de Villancicos<\/strong><\/p>\n<p><strong>\u2022 Inscripci\u00f3n abierta para todas las agrupaciones musicales de la isla, adultos e infantiles, hasta el 14 de noviembre, inclusive.<\/strong><\/p>\n<p><strong>\u2022 La Organizaci\u00f3n, Ayuntamiento de Antigua y Colectivo Mafasca, facilitan desplazamiento y reciben a los grupos participantes con chocolatito navide\u00f1o.<\/strong><\/p>\n<p>La concejal\u00eda de Cultura del Ayuntamiento de Antigua y la Fundaci\u00f3n Colectivo Mafasca recuerdan que el 11 y 12 de diciembre, en el inmejorable escenario y ac\u00fastica que ofrece la Iglesia de Antigua, tendr\u00e1 lugar el tradicional Encuentro Insular de Villancicos, cumpliendo este a\u00f1o treinta y nueve ediciones, se\u00f1ala el alcalde, Mat\u00edas Pe\u00f1a, que agradece la siempre disposici\u00f3n de colaboraci\u00f3n de la parroquia.<\/p>\n<p>Las inscripciones de todos los grupos corales y musicales de la isla, sean infantiles, escolares, adultos y escuelas, ya est\u00e1n abiertas hasta el 14 de noviembre, detalla el concejal de Cultura, Jonathan Pe\u00f1a, celebr\u00e1ndose en horario de ma\u00f1ana el Encuentro Infantil de Villancicos el jueves 11 y viernes 12 de diciembre, siendo en horario de tarde el Encuentro Adulto de Villancicos el viernes 13 de diciembre.<\/p>\n<p>Desde el Colectivo Mafasca, la presidenta Nereida Brito, anima a la inscripci\u00f3n de los grupos en el departamento de Cultura del Ayuntamiento de Antigua, en el tel\u00e9fono 690685505 o dirigi\u00e9ndose al email fundacionmafasca@gmail.com<\/p>\n<p>Una magn\u00edfica oportunidad en un escenario centenario como es la Iglesia de Antigua, por ac\u00fastica y acomodo, para escuchar canciones cantadas por los grupos de todos los municipios que ofrecen villancicos tradicionales y conocidos, as\u00ed como nuevas versiones, o incluso temas compuestos para la ocasi\u00f3n.<\/p>\n<p>\u00a0<\/p>\n<\/div>\n","protected":false},"excerpt":{"rendered":"<p><strong>Antigua prepara ya la trig\u00e9simo novena edici\u00f3n del Encuentro Insular de Villancicos<\/strong><\/p>\n","protected":false},"author":1,"featured_media":13163,"comment_status":"open","ping_status":"open","sticky":false,"template":"","format":"standard","meta":{"inline_featured_image":false,"jnews-multi-image_gallery":[],"jnews_single_post":[],"jnews_primary_category":[],"jnews_social_meta":[],"jnews_override_counter":[],"jnews_post_split":[],"footnotes":""},"categories":[59],"tags":[],"class_list":["post-13161","post","type-post","status-publish","format-standard","has-post-thumbnail","hentry","category-antigua"],"jetpack_featured_media_url":"https:\/\/informacionlocal.es\/wp-content\/uploads\/2025\/10\/encuentro-insular-de-villancicos-24-3-copia.jpg","_links":{"self":[{"href":"https:\/\/informacionlocal.es\/it\/wp-json\/wp\/v2\/posts\/13161","targetHints":{"allow":["GET"]}}],"collection":[{"href":"https:\/\/informacionlocal.es\/it\/wp-json\/wp\/v2\/posts"}],"about":[{"href":"https:\/\/informacionlocal.es\/it\/wp-json\/wp\/v2\/types\/post"}],"author":[{"embeddable":true,"href":"https:\/\/informacionlocal.es\/it\/wp-json\/wp\/v2\/users\/1"}],"replies":[{"embeddable":true,"href":"https:\/\/informacionlocal.es\/it\/wp-json\/wp\/v2\/comments?post=13161"}],"version-history":[{"count":0,"href":"https:\/\/informacionlocal.es\/it\/wp-json\/wp\/v2\/posts\/13161\/revisions"}],"wp:featuredmedia":[{"embeddable":true,"href":"https:\/\/informacionlocal.es\/it\/wp-json\/wp\/v2\/media\/13163"}],"wp:attachment":[{"href":"https:\/\/informacionlocal.es\/it\/wp-json\/wp\/v2\/media?parent=13161"}],"wp:term":[{"taxonomy":"category","embeddable":true,"href":"https:\/\/informacionlocal.es\/it\/wp-json\/wp\/v2\/categories?post=13161"},{"taxonomy":"post_tag","embeddable":true,"href":"https:\/\/informacionlocal.es\/it\/wp-json\/wp\/v2\/tags?post=13161"}],"curies":[{"name":"wp","href":"https:\/\/api.w.org\/{rel}","templated":true}]}}